{"id":109219,"date":"2023-06-28T13:36:00","date_gmt":"2023-06-28T11:36:00","guid":{"rendered":"https:\/\/dev.gobidgroup.com\/?p=109219"},"modified":"2025-02-14T10:48:56","modified_gmt":"2025-02-14T08:48:56","slug":"crisis-economica-proteccion-de-las-empresas-y-del-trabajo-ante-la-reforma","status":"publish","type":"post","link":"https:\/\/dev.gobidgroup.com\/es\/crisis-economica-proteccion-de-las-empresas-y-del-trabajo-ante-la-reforma\/","title":{"rendered":"Crisis econ\u00f3mica, protecci\u00f3n de las empresas y del trabajo ante la reforma"},"content":{"rendered":"\n<p>Gobid Group es partner nuevamente este a\u00f1o de la quinta edici\u00f3n del curso especializado en &#8220;Crisis econ\u00f3mica, protecci\u00f3n de la empresa y del trabajo a la luz de la reforma&#8221;, que se llevar\u00e1 a cabo en la <strong>Facultad de Econom\u00eda de Ancona (P.le Martelli n.8) los d\u00edas viernes 30 de junio y 7 de julio<\/strong>. Un evento imperdible para curadores, liquidadores judiciales y profesionales encargados de la liquidaci\u00f3n de bienes en el \u00e1mbito de los procedimientos concursales y la gesti\u00f3n de crisis empresariales. Coordinadores cient\u00edficos: Prof. Antonio Di Stasi, Prof. Antonio Gitto, Dr. Prof. Antonio Acquaroli y Dr. Prof. Andrea Di Cesare. Con el patrocinio del Ministerio de Justicia, la Universidad Polit\u00e9cnica de las Marcas, el Departamento de Gesti\u00f3n y el Centro de Altos Estudios sobre la Protecci\u00f3n de la Empresa y el Trabajo.<\/p>\n\n\n\n<h2 class=\"wp-block-heading\">30 de junio, el primer d\u00eda<\/h2>\n\n\n\n<p>El evento inici\u00f3 el viernes 30 de junio con los saludos introductorios de Gian Luca Gregori, Rector de la Universidad Polit\u00e9cnica de las Marcas, Maria Serena Chiucchi, Directora del DIMA, Luigi Antonio Catelli, Presidente de la Corte de Apelaci\u00f3n de Ancona, Edi Ragaglia, Presidente del Tribunal de Ancona, Camillo Catana Vallemani, Presidente del Orden de Contadores P\u00fablicos y Expertos Contables de Ancona, Gianni Marasca, Presidente del Orden de Abogados de Ancona, y Roberto Di Iulio, Presidente del Orden de Asesores Laborales de Ancona. El tema de la primera jornada, dirigida a los profesionales encargados de la liquidaci\u00f3n de bienes, tuvo como <strong>eje central &#8220;El rol del banco en la composici\u00f3n negociada y las conexiones con las oportunidades de prevenci\u00f3n derivadas de la introducci\u00f3n de &#8216;Adecuados sistemas organizativos&#8217;<\/strong>; introducci\u00f3n a instrumentos alternativos (PRO)&#8221;. Relatores: Maria Letizia Mantovani, Juez Delegada del Tribunal de Ancona, Michele Monteleone, Presidente de Secci\u00f3n del Tribunal de Benevento, Massimo Ferrari, Responsable del Centro de Estudios Intrum Italy, Luigi Palladino, Responsable de Cr\u00e9ditos An\u00f3malos en Banca Popolare dell\u2019Alto Adige, y Francesco Salerno, Profesor de Derecho Comercial en la Universidad de Foggia.<\/p>\n","protected":false},"excerpt":{"rendered":"<p>El Grupo Gobid es socio de la quinta edici\u00f3n del curso especializado que se celebrar\u00e1 en Ancona los d\u00edas 30 de junio y 7 de julio. <\/b><\/p>\n","protected":false},"author":13,"featured_media":109222,"comment_status":"open","ping_status":"open","sticky":false,"template":"","format":"standard","meta":{"_seopress_robots_primary_cat":"none","om_disable_all_campaigns":false,"_monsterinsights_skip_tracking":false,"_monsterinsights_sitenote_active":false,"_monsterinsights_sitenote_note":"","_monsterinsights_sitenote_category":0,"_uf_show_specific_survey":0,"_uf_disable_surveys":false,"footnotes":""},"categories":[436],"tags":[],"aioseo_notices":[],"_links":{"self":[{"href":"https:\/\/dev.gobidgroup.com\/es\/wp-json\/wp\/v2\/posts\/109219"}],"collection":[{"href":"https:\/\/dev.gobidgroup.com\/es\/wp-json\/wp\/v2\/posts"}],"about":[{"href":"https:\/\/dev.gobidgroup.com\/es\/wp-json\/wp\/v2\/types\/post"}],"author":[{"embeddable":true,"href":"https:\/\/dev.gobidgroup.com\/es\/wp-json\/wp\/v2\/users\/13"}],"replies":[{"embeddable":true,"href":"https:\/\/dev.gobidgroup.com\/es\/wp-json\/wp\/v2\/comments?post=109219"}],"version-history":[{"count":1,"href":"https:\/\/dev.gobidgroup.com\/es\/wp-json\/wp\/v2\/posts\/109219\/revisions"}],"predecessor-version":[{"id":109225,"href":"https:\/\/dev.gobidgroup.com\/es\/wp-json\/wp\/v2\/posts\/109219\/revisions\/109225"}],"wp:featuredmedia":[{"embeddable":true,"href":"https:\/\/dev.gobidgroup.com\/es\/wp-json\/wp\/v2\/media\/109222"}],"wp:attachment":[{"href":"https:\/\/dev.gobidgroup.com\/es\/wp-json\/wp\/v2\/media?parent=109219"}],"wp:term":[{"taxonomy":"category","embeddable":true,"href":"https:\/\/dev.gobidgroup.com\/es\/wp-json\/wp\/v2\/categories?post=109219"},{"taxonomy":"post_tag","embeddable":true,"href":"https:\/\/dev.gobidgroup.com\/es\/wp-json\/wp\/v2\/tags?post=109219"}],"curies":[{"name":"wp","href":"https:\/\/api.w.org\/{rel}","templated":true}]}}