{"id":109206,"date":"2023-07-03T13:37:24","date_gmt":"2023-07-03T11:37:24","guid":{"rendered":"https:\/\/dev.gobidgroup.com\/?p=109206"},"modified":"2025-02-14T10:47:44","modified_gmt":"2025-02-14T08:47:44","slug":"informe-social-2021-2022-la-conferencia-de-cervia","status":"publish","type":"post","link":"https:\/\/dev.gobidgroup.com\/es\/informe-social-2021-2022-la-conferencia-de-cervia\/","title":{"rendered":"Informe Social 2021-2022: La Conferencia de Cervia"},"content":{"rendered":"\n<p>Gobid Group es uno de los partners del Congreso gratuito<strong> &#8220;Balance Social 2021-2022: De Fra&#8217; Luca Pacioli&#8230; a la Business Intelligence&#8221;<\/strong>, que se llevar\u00e1 a cabo el <strong>viernes 14 de julio<\/strong> en la <strong>exclusiva ubicaci\u00f3n de la &#8220;Darsena del Sale&#8221; &#8211; Sala dell&#8217;Acqua en Cervia (RA) &#8211; Piazzale dei Salinari, 1<\/strong>. El evento cuenta con el patrocinio del Consejo Nacional de Contadores P\u00fablicos y Expertos Contables y es promovido por el Orden de Contadores P\u00fablicos y Expertos Contables de Forl\u00ec, as\u00ed como por la Fundaci\u00f3n de Contadores P\u00fablicos y Expertos Contables de Forl\u00ec-Cesena.<\/p>\n\n\n\n<h2 class=\"wp-block-heading\">Sostenibilidad e inteligencia de negocios<\/h2>\n\n\n\n<figure class=\"wp-block-image size-large is-resized\"><img loading=\"lazy\" decoding=\"async\" width=\"1024\" height=\"425\" src=\"https:\/\/dev.gobidgroup.com\/wp-content\/uploads\/2023\/07\/lato-posteriore-del-pubblico-seduto-e-ascoltando-gli-speacker-sul-palco-in-condizioni-di-scarsa-illuminazione-1024x425.jpg\" alt=\"\" class=\"wp-image-97624\" style=\"width:1399px;height:581px\" srcset=\"https:\/\/dev.gobidgroup.com\/wp-content\/uploads\/2023\/07\/lato-posteriore-del-pubblico-seduto-e-ascoltando-gli-speacker-sul-palco-in-condizioni-di-scarsa-illuminazione-1024x425.jpg 1024w, https:\/\/dev.gobidgroup.com\/wp-content\/uploads\/2023\/07\/lato-posteriore-del-pubblico-seduto-e-ascoltando-gli-speacker-sul-palco-in-condizioni-di-scarsa-illuminazione-300x124.jpg 300w, https:\/\/dev.gobidgroup.com\/wp-content\/uploads\/2023\/07\/lato-posteriore-del-pubblico-seduto-e-ascoltando-gli-speacker-sul-palco-in-condizioni-di-scarsa-illuminazione-768x318.jpg 768w, https:\/\/dev.gobidgroup.com\/wp-content\/uploads\/2023\/07\/lato-posteriore-del-pubblico-seduto-e-ascoltando-gli-speacker-sul-palco-in-condizioni-di-scarsa-illuminazione.jpg 1500w\" sizes=\"(max-width: 1024px) 100vw, 1024px\" \/><\/figure>\n\n\n\n<p>A abrir los trabajos ser\u00e1n Elbano De Nuccio, Presidente del Consejo Nacional de Contadores P\u00fablicos y Expertos Contables, y Debora Bonavita, Presidenta de la Fundaci\u00f3n de Contadores P\u00fablicos y Expertos Contables de Forl\u00ec-Cesena.<\/p>\n\n\n\n<p>Gianluca Galletti, Consejero del Consejo Nacional de Contadores P\u00fablicos y Expertos Contables, abordar\u00e1 el tema dedicado a la <strong>&#8220;importancia de la comunicaci\u00f3n de sostenibilidad en las entidades p\u00fablicas&#8221;<\/strong>, mientras que el Presidente del Orden de Contadores P\u00fablicos y Expertos Contables de Forl\u00ec, Pier Domenico Ricci, intervendr\u00e1 sobre <strong>&#8220;los principios, las \u00e1reas de inter\u00e9s y los contenidos utilizados en la elaboraci\u00f3n del balance social&#8221;<\/strong>. Benedetta Siboni, Profesora Asociada del Departamento de Ciencias Empresariales de la Universidad de Bolonia, sede de Forl\u00ec, continuar\u00e1 la jornada con &#8220;An\u00e1lisis de las \u00e1reas y respuestas al cuestionario dirigido a los inscritos&#8221;. Para cerrar el congreso, Oscare Santi, Vicepresidente del Orden de Contadores P\u00fablicos y Expertos Contables de Forl\u00ec, intervendr\u00e1 con &#8220;El uso de la business intelligence en la redacci\u00f3n del balance social&#8221;.<\/p>\n\n\n\n<p><\/p>\n","protected":false},"excerpt":{"rendered":"<p>Cita el viernes <b>14 de julio<\/b> con la conferencia promovida por la ODC que cuenta con el Grupo Gobid entre los socios.<\/p>\n","protected":false},"author":13,"featured_media":109209,"comment_status":"open","ping_status":"open","sticky":false,"template":"","format":"standard","meta":{"_seopress_robots_primary_cat":"none","om_disable_all_campaigns":false,"_monsterinsights_skip_tracking":false,"_monsterinsights_sitenote_active":false,"_monsterinsights_sitenote_note":"","_monsterinsights_sitenote_category":0,"_uf_show_specific_survey":0,"_uf_disable_surveys":false,"footnotes":""},"categories":[436],"tags":[],"aioseo_notices":[],"_links":{"self":[{"href":"https:\/\/dev.gobidgroup.com\/es\/wp-json\/wp\/v2\/posts\/109206"}],"collection":[{"href":"https:\/\/dev.gobidgroup.com\/es\/wp-json\/wp\/v2\/posts"}],"about":[{"href":"https:\/\/dev.gobidgroup.com\/es\/wp-json\/wp\/v2\/types\/post"}],"author":[{"embeddable":true,"href":"https:\/\/dev.gobidgroup.com\/es\/wp-json\/wp\/v2\/users\/13"}],"replies":[{"embeddable":true,"href":"https:\/\/dev.gobidgroup.com\/es\/wp-json\/wp\/v2\/comments?post=109206"}],"version-history":[{"count":1,"href":"https:\/\/dev.gobidgroup.com\/es\/wp-json\/wp\/v2\/posts\/109206\/revisions"}],"predecessor-version":[{"id":109212,"href":"https:\/\/dev.gobidgroup.com\/es\/wp-json\/wp\/v2\/posts\/109206\/revisions\/109212"}],"wp:featuredmedia":[{"embeddable":true,"href":"https:\/\/dev.gobidgroup.com\/es\/wp-json\/wp\/v2\/media\/109209"}],"wp:attachment":[{"href":"https:\/\/dev.gobidgroup.com\/es\/wp-json\/wp\/v2\/media?parent=109206"}],"wp:term":[{"taxonomy":"category","embeddable":true,"href":"https:\/\/dev.gobidgroup.com\/es\/wp-json\/wp\/v2\/categories?post=109206"},{"taxonomy":"post_tag","embeddable":true,"href":"https:\/\/dev.gobidgroup.com\/es\/wp-json\/wp\/v2\/tags?post=109206"}],"curies":[{"name":"wp","href":"https:\/\/api.w.org\/{rel}","templated":true}]}}