{"id":109198,"date":"2023-07-07T13:49:21","date_gmt":"2023-07-07T11:49:21","guid":{"rendered":"https:\/\/dev.gobidgroup.com\/?p=109198"},"modified":"2025-02-14T10:46:36","modified_gmt":"2025-02-14T08:46:36","slug":"crisis-economica-y-proteccion-empresarial-el-segundo-dia-del-curso-en-ancona","status":"publish","type":"post","link":"https:\/\/dev.gobidgroup.com\/es\/crisis-economica-y-proteccion-empresarial-el-segundo-dia-del-curso-en-ancona\/","title":{"rendered":"Crisis econ\u00f3mica y protecci\u00f3n empresarial: el segundo d\u00eda del curso en Ancona"},"content":{"rendered":"\n<p><\/p>\n\n\n\n<p>La quinta edici\u00f3n del curso especializado en &#8220;Crisis econ\u00f3mica, protecci\u00f3n de la empresa y del trabajo a la luz de la reforma&#8221; cuenta entre sus partners de honor con Gobid Group. Tras la fecha del 30 de junio, la segunda sesi\u00f3n del seminario se llevar\u00e1 a cabo el viernes 7 de julio en la <strong>Facultad de Econom\u00eda de Ancona (P.le Martelli n.8)<\/strong>. Un evento imperdible para curadores, liquidadores judiciales y profesionales encargados de la liquidaci\u00f3n de bienes en el \u00e1mbito de los procedimientos concursales y la gesti\u00f3n de crisis empresariales. Coordinadores cient\u00edficos: Prof. Antonio Di Stasi, Prof. Antonio Gitto, Dr. Prof. Antonio Acquaroli y Dr. Prof. Andrea Di Cesare. Con el patrocinio del Ministerio de Justicia, la Universidad Polit\u00e9cnica de las Marcas, el Departamento de Gesti\u00f3n y el Centro de Altos Estudios sobre la Protecci\u00f3n de la Empresa y el Trabajo.<\/p>\n\n\n\n<h2 class=\"wp-block-heading\">Centrarse en la estimaci\u00f3n acordada<\/h2>\n\n\n\n<p><strong>&#8220;El concordato preventivo: la formaci\u00f3n de las clases; el plan financiero, econ\u00f3mico y patrimonial; el uso de los flujos de caja; el tratamiento de los cr\u00e9ditos tributarios y contributivos.&#8221; <\/strong>Este ser\u00e1 el tema de la segunda sesi\u00f3n del curso especializado, que se celebrar\u00e1 en la hist\u00f3rica sede de la Facultad de Econom\u00eda de Ancona. Abordar\u00e1n la tem\u00e1tica: Giuliana Filippello, Juez Delegado del Tribunal de Ancona; Sergio Rossetti, Juez Delegado del Tribunal de Mil\u00e1n; Domenica Capezzera, Juez Delegado del Tribunal de Pescara; Rino Antonucci, Responsable de la Direcci\u00f3n NPE de Cr\u00e9dit Agricole Italia y Gianluca Maria Pompili, Responsable de Cr\u00e9dito An\u00f3malo de BPER Banca.<\/p>\n","protected":false},"excerpt":{"rendered":"<p>El <b>7 de julio <\/b> tuvo lugar en Ancona, en la Facultad de Econom\u00eda, la segunda cita del evento formativo.<\/p>\n","protected":false},"author":13,"featured_media":109201,"comment_status":"open","ping_status":"open","sticky":false,"template":"","format":"standard","meta":{"_seopress_robots_primary_cat":"none","om_disable_all_campaigns":false,"_monsterinsights_skip_tracking":false,"_monsterinsights_sitenote_active":false,"_monsterinsights_sitenote_note":"","_monsterinsights_sitenote_category":0,"_uf_show_specific_survey":0,"_uf_disable_surveys":false,"footnotes":""},"categories":[436],"tags":[],"aioseo_notices":[],"_links":{"self":[{"href":"https:\/\/dev.gobidgroup.com\/es\/wp-json\/wp\/v2\/posts\/109198"}],"collection":[{"href":"https:\/\/dev.gobidgroup.com\/es\/wp-json\/wp\/v2\/posts"}],"about":[{"href":"https:\/\/dev.gobidgroup.com\/es\/wp-json\/wp\/v2\/types\/post"}],"author":[{"embeddable":true,"href":"https:\/\/dev.gobidgroup.com\/es\/wp-json\/wp\/v2\/users\/13"}],"replies":[{"embeddable":true,"href":"https:\/\/dev.gobidgroup.com\/es\/wp-json\/wp\/v2\/comments?post=109198"}],"version-history":[{"count":1,"href":"https:\/\/dev.gobidgroup.com\/es\/wp-json\/wp\/v2\/posts\/109198\/revisions"}],"predecessor-version":[{"id":109204,"href":"https:\/\/dev.gobidgroup.com\/es\/wp-json\/wp\/v2\/posts\/109198\/revisions\/109204"}],"wp:featuredmedia":[{"embeddable":true,"href":"https:\/\/dev.gobidgroup.com\/es\/wp-json\/wp\/v2\/media\/109201"}],"wp:attachment":[{"href":"https:\/\/dev.gobidgroup.com\/es\/wp-json\/wp\/v2\/media?parent=109198"}],"wp:term":[{"taxonomy":"category","embeddable":true,"href":"https:\/\/dev.gobidgroup.com\/es\/wp-json\/wp\/v2\/categories?post=109198"},{"taxonomy":"post_tag","embeddable":true,"href":"https:\/\/dev.gobidgroup.com\/es\/wp-json\/wp\/v2\/tags?post=109198"}],"curies":[{"name":"wp","href":"https:\/\/api.w.org\/{rel}","templated":true}]}}