{"id":109184,"date":"2023-09-20T10:47:50","date_gmt":"2023-09-20T08:47:50","guid":{"rendered":"https:\/\/dev.gobidgroup.com\/?p=109184"},"modified":"2025-02-13T16:48:21","modified_gmt":"2025-02-13T14:48:21","slug":"cespec-la-xvedicion-del-seminario-en-la-isla-de-san-servolo","status":"publish","type":"post","link":"https:\/\/dev.gobidgroup.com\/es\/cespec-la-xvedicion-del-seminario-en-la-isla-de-san-servolo\/","title":{"rendered":"Cespec: la XV edici\u00f3n del seminario en la isla de San Servolo"},"content":{"rendered":"\n<p>Dal <strong>22 al 24 de septiembre<\/strong> cita con la <strong>XV Edici\u00f3n del Seminario de Jueces Delegados, Jueces Penales y Fiscales<\/strong> en el <strong>espl\u00e9ndido escenario de la isla de San Servolo<\/strong>, en la <strong>laguna veneciana<\/strong>. El evento est\u00e1 organizado por el <strong>Cespec &#8211; Centro Studi Procedure Esecutive e Concorsuali<\/strong> y cuenta con <strong>Gobid Group<\/strong> como <strong>partner oficial<\/strong>. Tre le sessioni del seminario rivolto ai professionisti: <strong>Procedure Concorsuali &#8211; Esecuzioni Immobiliari e Penale Economia<\/strong>. En este art\u00edculo profundizaremos en la sesi\u00f3n dirigida a Procedimientos Concursales.<\/p>\n\n\n\n<h2 class=\"wp-block-heading has-text-align-left\">El C\u00f3digo de Crisis para los Procedimientos Concursales<\/h2>\n\n\n\n<p>\u00bfQu\u00e9 cambia con el nuevo <strong>C\u00f3digo de la Crisis<\/strong>? Se abordar\u00e1 el tema el <strong>viernes 22, s\u00e1bado 23 y domingo 24<\/strong> durante las sesiones dedicadas a las <strong>Procedure Concorsuali<\/strong>, tituladas <strong>&#8220;El C\u00f3digo de la Crisis y de la Insolvencia &#8211; Desaf\u00edos organizativos para los tribunales y nuevos criterios interpretativos&#8221;<\/strong>.<\/p>\n\n\n\n<p>Relatores de alto nivel, provenientes del mundo <strong>jur\u00eddico y acad\u00e9mico<\/strong>, participar\u00e1n en las sesiones de las tres jornadas, dedicadas a <strong>temas de gran actualidad<\/strong>.<\/p>\n\n\n\n<ul>\n<li>Las medidas protectoras y cautelares,<\/li>\n\n\n\n<li>Los efectos: de la solicitud, de la admisi\u00f3n y de la homologaci\u00f3n;<\/li>\n\n\n\n<li>El tratamiento de los acreedores;<\/li>\n\n\n\n<li>El control judicial;<\/li>\n\n\n\n<li>La exoneraci\u00f3n de deudas;<\/li>\n\n\n\n<li>Las relaciones entre la fiscal\u00eda, los tribunales y los \u00f3rganos del procedimiento en la perspectiva del C\u00f3digo de la Crisis y de la Insolvencia y la reforma Cartabia.<\/li>\n<\/ul>\n\n\n\n<p>A continuaci\u00f3n se muestra el programa en detalle:<\/p>\n\n\n\n<figure class=\"wp-block-image size-large is-resized\"><img loading=\"lazy\" decoding=\"async\" width=\"1024\" height=\"510\" src=\"https:\/\/dev.gobidgroup.com\/wp-content\/uploads\/2023\/09\/2560px-San_Servolo_Venezia-1024x510.jpeg\" alt=\"\" class=\"wp-image-98594\" style=\"width:1200px;height:undefinedpx\" srcset=\"https:\/\/dev.gobidgroup.com\/wp-content\/uploads\/2023\/09\/2560px-San_Servolo_Venezia-1024x510.jpeg 1024w, https:\/\/dev.gobidgroup.com\/wp-content\/uploads\/2023\/09\/2560px-San_Servolo_Venezia-300x149.jpeg 300w, https:\/\/dev.gobidgroup.com\/wp-content\/uploads\/2023\/09\/2560px-San_Servolo_Venezia-768x382.jpeg 768w, https:\/\/dev.gobidgroup.com\/wp-content\/uploads\/2023\/09\/2560px-San_Servolo_Venezia.jpeg 1400w\" sizes=\"(max-width: 1024px) 100vw, 1024px\" \/><\/figure>\n\n\n\n<p><strong>VIERNES 22 DE SEPTIEMBRE<\/strong><\/p>\n\n\n\n<ul>\n<li><strong>14:30 &#8211; 16:15:<\/strong> <em>&#8220;Medidas protectoras y cautelares. Composici\u00f3n negociada. Procedimiento unitario.&#8221;<\/em> <strong>Coordinado por:<\/strong> <strong>Lucia De Bernardin<\/strong> (Tribunal de Roma). <strong>Introducen la discusi\u00f3n:<\/strong> <strong>Giuseppe Rana<\/strong> (Tribunal de Trani) &#8211; <strong>Antonella Rimondini<\/strong> (Tribunal de Bolonia).<\/li>\n\n\n\n<li><strong>16:15 &#8211; 18:00:<\/strong> <em>&#8220;Los efectos: de la solicitud, de la admisi\u00f3n y de la homologaci\u00f3n. Los efectos para el deudor. Los efectos para los acreedores.&#8221;<\/em> <strong>Coordina:<\/strong> <strong>Giovanni Nardecchia<\/strong> (Fiscal\u00eda General ante la Corte de Casaci\u00f3n). <strong>Intervendr\u00e1n:<\/strong> <strong>Massimo Fabiani<\/strong> (Profesor ordinario de Derecho de la Crisis y de la Insolvencia en la Universidad de Estudios del Molise) &#8211; <strong>Pierpaolo Lanni<\/strong> (Tribunal de Verona).<\/li>\n<\/ul>\n\n\n\n<p><strong>S\u00c1BADO 23 DE SEPTIEMBRE:<\/strong><\/p>\n\n\n\n<ul>\n<li><strong>09:00 &#8211; 11:00:<\/strong> <em>&#8220;El tratamiento de los acreedores. La formaci\u00f3n de las clases. Los acreedores con prelaci\u00f3n, privilegiados y fiscales.&#8221;<\/em> <strong>Coordina:<\/strong> <strong>Andrea Zuliani<\/strong> (Corte de Casaci\u00f3n). <strong>Introducen la discusi\u00f3n:<\/strong> <strong>Bruno Conca<\/strong> (Tribunal de B\u00e9rgamo) &#8211; <strong>Francesco Pipicelli<\/strong> (Tribunal de Mil\u00e1n).<\/li>\n\n\n\n<li><strong>11:00 &#8211; 13:00:<\/strong> <em>&#8220;El control judicial. El juicio de admisi\u00f3n. El juicio de homologaci\u00f3n.&#8221;<\/em> <strong>Coordina:<\/strong> <strong>Alessandro Farolfi<\/strong> (Massimario de la Corte de Casaci\u00f3n). <strong>Intervendr\u00e1n:<\/strong> <strong>Salvo Leuzzi<\/strong> (Massimario de la Corte de Casaci\u00f3n) y <strong>Federico Maida<\/strong> (Tribunal de Siracusa).<\/li>\n\n\n\n<li><strong>14:30 &#8211; 16:30:<\/strong> <em>&#8220;La exoneraci\u00f3n de deudas. El r\u00e9gimen transitorio. La exoneraci\u00f3n del insolvente.&#8221;<\/em> <strong>Coordina:<\/strong> <strong>Maria Antonia Maiolino<\/strong> (Tribunal de Padua). <strong>Introducen la discusi\u00f3n:<\/strong> <strong>Carlo Bianconi<\/strong> (Tribunal de M\u00f3dena) &#8211; <strong>Anna Ghedini<\/strong> (Tribunal de Ferrara).<\/li>\n<\/ul>\n\n\n\n<p><strong>DOMINGO 24 DE SEPTIEMBRE:<\/strong><\/p>\n\n\n\n<ul>\n<li><strong>09:00-12:00:<\/strong> <em>&#8220;Las relaciones entre la fiscal\u00eda, los tribunales y los \u00f3rganos del procedimiento en la perspectiva del C\u00f3digo de la Crisis y de la Insolvencia y la reforma Cartabia.&#8221;<\/em> <em>&#8220;La contribuci\u00f3n informativa del Curador y del Comisario Judicial: los informes (contenido, funciones, plazos de presentaci\u00f3n, actualizaci\u00f3n e informaci\u00f3n complementaria, las relaciones con la Fiscal\u00eda).&#8221;<\/em> <strong>Coordinan:<\/strong> <strong>Donata Costa<\/strong> (Fiscal\u00eda Europea \u2013 Oficina EPPO Venecia) &#8211; <strong>Mariano Sciacca<\/strong> (Tribunal de Catania). <strong>Introducen la discusi\u00f3n:<\/strong> <strong>Annamaria Picozzi<\/strong> (Fiscal\u00eda de la Rep\u00fablica de Palermo) &#8211; <strong>Sergio Rossetti<\/strong> (Tribunal de Mil\u00e1n).<\/li>\n<\/ul>\n\n\n\n<p>Descarga <a href=\"https:\/\/www.cespec.eu\/pdf\/Locandina_S_Servolo_Procedure_Concorsuali.pdf?v=1\">aqu\u00ed <\/a>el programa en detalle<\/p>\n\n\n\n<p><\/p>\n\n\n\n<p><\/p>\n","protected":false},"excerpt":{"rendered":"<p>El 22 de septiembre arrancar\u00e1 la XV edici\u00f3n del seminario dedicado a Procedimientos Concursales, Econom\u00eda Penal y Ejecuci\u00f3n Inmobiliaria<\/p>\n","protected":false},"author":13,"featured_media":109146,"comment_status":"open","ping_status":"open","sticky":false,"template":"","format":"standard","meta":{"_seopress_robots_primary_cat":"none","om_disable_all_campaigns":false,"_monsterinsights_skip_tracking":false,"_monsterinsights_sitenote_active":false,"_monsterinsights_sitenote_note":"","_monsterinsights_sitenote_category":0,"_uf_show_specific_survey":0,"_uf_disable_surveys":false,"footnotes":""},"categories":[436],"tags":[],"aioseo_notices":[],"_links":{"self":[{"href":"https:\/\/dev.gobidgroup.com\/es\/wp-json\/wp\/v2\/posts\/109184"}],"collection":[{"href":"https:\/\/dev.gobidgroup.com\/es\/wp-json\/wp\/v2\/posts"}],"about":[{"href":"https:\/\/dev.gobidgroup.com\/es\/wp-json\/wp\/v2\/types\/post"}],"author":[{"embeddable":true,"href":"https:\/\/dev.gobidgroup.com\/es\/wp-json\/wp\/v2\/users\/13"}],"replies":[{"embeddable":true,"href":"https:\/\/dev.gobidgroup.com\/es\/wp-json\/wp\/v2\/comments?post=109184"}],"version-history":[{"count":2,"href":"https:\/\/dev.gobidgroup.com\/es\/wp-json\/wp\/v2\/posts\/109184\/revisions"}],"predecessor-version":[{"id":109189,"href":"https:\/\/dev.gobidgroup.com\/es\/wp-json\/wp\/v2\/posts\/109184\/revisions\/109189"}],"wp:featuredmedia":[{"embeddable":true,"href":"https:\/\/dev.gobidgroup.com\/es\/wp-json\/wp\/v2\/media\/109146"}],"wp:attachment":[{"href":"https:\/\/dev.gobidgroup.com\/es\/wp-json\/wp\/v2\/media?parent=109184"}],"wp:term":[{"taxonomy":"category","embeddable":true,"href":"https:\/\/dev.gobidgroup.com\/es\/wp-json\/wp\/v2\/categories?post=109184"},{"taxonomy":"post_tag","embeddable":true,"href":"https:\/\/dev.gobidgroup.com\/es\/wp-json\/wp\/v2\/tags?post=109184"}],"curies":[{"name":"wp","href":"https:\/\/api.w.org\/{rel}","templated":true}]}}