{"id":109171,"date":"2023-09-20T11:20:17","date_gmt":"2023-09-20T09:20:17","guid":{"rendered":"https:\/\/dev.gobidgroup.com\/?p=109171"},"modified":"2025-02-14T10:44:18","modified_gmt":"2025-02-14T08:44:18","slug":"cespec-delitos-concursales-tras-el-codigo-de-crisis","status":"publish","type":"post","link":"https:\/\/dev.gobidgroup.com\/es\/cespec-delitos-concursales-tras-el-codigo-de-crisis\/","title":{"rendered":"Cespec: Delitos concursales tras el C\u00f3digo de Crisis"},"content":{"rendered":"\n<p>En <strong>San Servolo<\/strong>, una de las <strong>localizaciones m\u00e1s emblem\u00e1ticas de la laguna veneciana<\/strong>, se celebrar\u00e1 un <strong>importante encuentro de actualizaci\u00f3n y networking<\/strong> dirigido a profesionales: la <strong>XV Edici\u00f3n del Cespec<\/strong> &#8211; <strong>Centro Studi Procedure Esecutive e Concorsuali<\/strong>, dedicado a <strong>Jueces Delegados, Penales y Fiscales<\/strong>. La <strong>Sesi\u00f3n Penal Econom\u00eda<\/strong> se llevar\u00e1 a cabo del <strong>22 al 24 de septiembre<\/strong>. <strong>Gobid Group<\/strong> es uno de los <strong>patrocinadores oficiales del evento<\/strong>.<\/p>\n\n\n\n<p>VIERNES 22 DE SEPTIEMBRE:<\/p>\n\n\n\n<ul>\n<li><strong>14.30 &#8211; 18:30:<\/strong> <em>&#8220;La bancarrota impropia por operaciones dolosas en sus posibles interpretaciones \u2013 riesgos de expansiones interpretativas del tipo penal \u2013 perspectivas de reforma.&#8221;<\/em> <strong>Coordina:<\/strong> <strong>Ciro Santoriello<\/strong> (Fiscal\u00eda de la Rep\u00fablica de Tur\u00edn). <strong>Introducen la discusi\u00f3n:<\/strong> <strong>Anna Mascolo<\/strong> (Tribunal de Tur\u00edn), <strong>Mario Bendoni<\/strong> (Fiscal\u00eda de la Rep\u00fablica de Tur\u00edn) y <strong>Renato Bricchetti<\/strong> (Corte de Casaci\u00f3n).<\/li>\n<\/ul>\n\n\n\n<figure class=\"wp-block-image size-large is-resized\"><img loading=\"lazy\" decoding=\"async\" width=\"1024\" height=\"453\" src=\"https:\/\/dev.gobidgroup.com\/wp-content\/uploads\/2023\/09\/San_Servolo_island_IMG_9191-1-1024x453.jpg\" alt=\"\" class=\"wp-image-99612\" style=\"width:1200px;height:undefinedpx\" srcset=\"https:\/\/dev.gobidgroup.com\/wp-content\/uploads\/2023\/09\/San_Servolo_island_IMG_9191-1-1024x453.jpg 1024w, https:\/\/dev.gobidgroup.com\/wp-content\/uploads\/2023\/09\/San_Servolo_island_IMG_9191-1-300x133.jpg 300w, https:\/\/dev.gobidgroup.com\/wp-content\/uploads\/2023\/09\/San_Servolo_island_IMG_9191-1-768x340.jpg 768w, https:\/\/dev.gobidgroup.com\/wp-content\/uploads\/2023\/09\/San_Servolo_island_IMG_9191-1.jpg 1280w\" sizes=\"(max-width: 1024px) 100vw, 1024px\" \/><\/figure>\n\n\n\n<p><\/p>\n\n\n\n<p><strong>S\u00c1BADO 23 DE SEPTIEMBRE:<\/strong><\/p>\n\n\n\n<ul>\n<li><strong>INICIO 09:30 &#8211; 12:30<\/strong> Estos son los temas abordados: <\/li>\n\n\n\n<li>&#8220;La responsabilidad penal de administradores, s\u00edndicos y revisores a la luz del C\u00f3digo de la Crisis y de la Insolvencia&#8221;<\/li>\n\n\n\n<li>&#8220;Adecuados sistemas organizativos, administrativos y contables ex art. 2086 c.c. y posiciones de garant\u00eda de los \u00f3rganos administrativos y de control de las sociedades&#8221;<\/li>\n\n\n\n<li>&#8220;El problema de la concurrencia omisiva de s\u00edndicos y administradores sin delegaci\u00f3n en los delitos de bancarrota cometidos por los administradores delegados: nexo de causalidad, juicio contrafactual y poderes impeditivos, elemento psicol\u00f3gico&#8221;<\/li>\n\n\n\n<li>&#8220;La responsabilidad por bancarrota simple por agravamiento culposo de la insolvencia&#8221;<\/li>\n\n\n\n<li>&#8220;El rol, las obligaciones y las responsabilidades de los s\u00edndicos y revisores a la luz del nuevo C\u00f3digo de la Crisis y de la Insolvencia: gesti\u00f3n del riesgo, flujos informativos y mejores pr\u00e1cticas \u2013 El punto de vista del profesional&#8221;. <strong>Andrea Mereu<\/strong> del <strong>Tribunal de Cagliari<\/strong> coordinar\u00e1 la discusi\u00f3n, con la participaci\u00f3n de los ponentes <strong>Prof. Abg. Roberto Zannotti<\/strong> (Profesor de Derecho Penal en la Universidad de Roma LUMSA), <strong>Elbano De Nuccio<\/strong> (Presidente del Consejo Nacional de los Contadores P\u00fablicos) y <strong>Fabio Di Vizio<\/strong> (Fiscal\u00eda de la Rep\u00fablica de Florencia).<\/li>\n\n\n\n<li><strong>14:30 &#8211; 17:30<\/strong> <em>&#8220;Delitos relacionados con la crisis empresarial, decisiones operativas en la fase de investigaci\u00f3n y t\u00e9cnicas de investigaci\u00f3n \u2013 gesti\u00f3n y estrategia en la fase procesal: el punto de vista del fiscal y del juez.&#8221;<\/em> <strong>Coordinador:<\/strong> <strong>Mario Dovinola<\/strong> (Fiscal\u00eda de la Rep\u00fablica de Roma). <strong>Introducen la discusi\u00f3n:<\/strong> <strong>Fabio Regolo<\/strong> (Fiscal\u00eda de la Rep\u00fablica de Catania), <strong>Salvatore Della Corte<\/strong> (Mayor del N\u00facleo PEF Guardia di Finanza de Mil\u00e1n) y <strong>Andrea Ghinetti<\/strong> (Tribunal de Mil\u00e1n).<\/li>\n<\/ul>\n\n\n\n<p>DOMINGO 24 DE SEPTIEMBRE:<\/p>\n\n\n\n<ul>\n<li><strong>09:00 &#8211; 12:00<\/strong> <em>&#8220;Las relaciones entre la fiscal\u00eda, los tribunales y los \u00f3rganos del procedimiento en la perspectiva del C\u00f3digo de la Crisis y de la Insolvencia y la reforma Cartabia&#8221;<\/em> y <em>&#8220;La contribuci\u00f3n informativa del Curador y del Comisario Judicial: los informes (contenido, funciones, plazos de presentaci\u00f3n, actualizaci\u00f3n e informaci\u00f3n complementaria); las relaciones con la Fiscal\u00eda&#8221;.<\/em> <strong>Coordinan:<\/strong> <strong>Donata Costa<\/strong> (Fiscal\u00eda Europea \u2013 Oficina EPPO Venecia) y <strong>Mariano Sciacca<\/strong> (Tribunal de Catania). <strong>Intervendr\u00e1n:<\/strong> <strong>Annamaria Picozzi<\/strong> (Fiscal\u00eda de la Rep\u00fablica de Palermo) y <strong>Sergio Rossetti<\/strong> (Tribunal de Mil\u00e1n).<\/li>\n<\/ul>\n\n\n\n<p>Descarga <a href=\"https:\/\/www.cespec.eu\/pdf\/Locandina_S_Servolo_Penale_Economia.pdf?v=1\">aqu\u00ed <\/a> el cartel y el programa detallado<\/p>\n","protected":false},"excerpt":{"rendered":"<p>La XV Edici\u00f3n del Seminario de Jueces Delegados, Jueces Penales y Fiscales &#8211; Sesi\u00f3n de Econom\u00eda Penal en la Isla de San Servolo<\/p>\n","protected":false},"author":13,"featured_media":109181,"comment_status":"open","ping_status":"open","sticky":false,"template":"","format":"standard","meta":{"_seopress_robots_primary_cat":"none","om_disable_all_campaigns":false,"_monsterinsights_skip_tracking":false,"_monsterinsights_sitenote_active":false,"_monsterinsights_sitenote_note":"","_monsterinsights_sitenote_category":0,"_uf_show_specific_survey":0,"_uf_disable_surveys":false,"footnotes":""},"categories":[440,436],"tags":[],"aioseo_notices":[],"_links":{"self":[{"href":"https:\/\/dev.gobidgroup.com\/es\/wp-json\/wp\/v2\/posts\/109171"}],"collection":[{"href":"https:\/\/dev.gobidgroup.com\/es\/wp-json\/wp\/v2\/posts"}],"about":[{"href":"https:\/\/dev.gobidgroup.com\/es\/wp-json\/wp\/v2\/types\/post"}],"author":[{"embeddable":true,"href":"https:\/\/dev.gobidgroup.com\/es\/wp-json\/wp\/v2\/users\/13"}],"replies":[{"embeddable":true,"href":"https:\/\/dev.gobidgroup.com\/es\/wp-json\/wp\/v2\/comments?post=109171"}],"version-history":[{"count":2,"href":"https:\/\/dev.gobidgroup.com\/es\/wp-json\/wp\/v2\/posts\/109171\/revisions"}],"predecessor-version":[{"id":109183,"href":"https:\/\/dev.gobidgroup.com\/es\/wp-json\/wp\/v2\/posts\/109171\/revisions\/109183"}],"wp:featuredmedia":[{"embeddable":true,"href":"https:\/\/dev.gobidgroup.com\/es\/wp-json\/wp\/v2\/media\/109181"}],"wp:attachment":[{"href":"https:\/\/dev.gobidgroup.com\/es\/wp-json\/wp\/v2\/media?parent=109171"}],"wp:term":[{"taxonomy":"category","embeddable":true,"href":"https:\/\/dev.gobidgroup.com\/es\/wp-json\/wp\/v2\/categories?post=109171"},{"taxonomy":"post_tag","embeddable":true,"href":"https:\/\/dev.gobidgroup.com\/es\/wp-json\/wp\/v2\/tags?post=109171"}],"curies":[{"name":"wp","href":"https:\/\/api.w.org\/{rel}","templated":true}]}}