{"id":109122,"date":"2023-09-26T12:00:45","date_gmt":"2023-09-26T10:00:45","guid":{"rendered":"https:\/\/dev.gobidgroup.com\/?p=109122"},"modified":"2025-02-13T15:24:12","modified_gmt":"2025-02-13T13:24:12","slug":"el-codigo-de-crisis-la-conferencia-de-riccione","status":"publish","type":"post","link":"https:\/\/dev.gobidgroup.com\/es\/el-codigo-de-crisis-la-conferencia-de-riccione\/","title":{"rendered":"El c\u00f3digo de crisis: la conferencia de Riccione"},"content":{"rendered":"\n<p><strong>Gobid Group<\/strong> es uno de los <strong>main sponsors<\/strong> del <strong>congreso dedicado a uno de los temas clave del momento<\/strong>, <strong>&#8220;El C\u00f3digo de la Crisis: pensamientos, palabras y qu\u00e9 correcciones&#8221;<\/strong>, dirigido a <strong>profesionales en Procedimientos Concursales y Ejecuciones Inmobiliarias<\/strong>.<\/p>\n\n\n\n<p>La cita es el <strong>29 y 30 de septiembre en Riccione<\/strong>, en la <strong>exclusiva ubicaci\u00f3n del Hotel Corallo<\/strong>.<\/p>\n\n\n\n<p>Dos jornadas <strong>dedicadas \u00edntegramente<\/strong> al <strong>C\u00f3digo de la Crisis de Empresa<\/strong>, la <strong>Composici\u00f3n Negociada<\/strong> y el <strong>Concordato Preventivo<\/strong>, en una <strong>prestigiosa ocasi\u00f3n de actualizaci\u00f3n y debate<\/strong>.<\/p>\n\n\n\n<p>A continuaci\u00f3n se muestra el programa del evento:<\/p>\n\n\n\n<h2 class=\"wp-block-heading\">C\u00f3digo de crisis empresarial y soluci\u00f3n negociada<\/h2>\n\n\n\n<p><strong>VIERNES 29 DE SEPTIEMBRE:<\/strong><\/p>\n\n\n\n<ul>\n<li>14:30: <strong>Saludos institucionales e introducci\u00f3n a los temas<\/strong> por parte del <strong>Dr. Andrea Ferri<\/strong> y el <strong>Abg. Davide Traversa.<\/strong><\/li>\n\n\n\n<li>15:30: <strong>&#8220;La verificaci\u00f3n del CCII a un a\u00f1o de su entrada en vigor&#8221;<\/strong>. Coordina el <strong>Abg. Luca Jeantet <\/strong>y debatir\u00e1n sobre ello el <strong>Dr. Renato Rordorof<\/strong>, el<strong> Dr. Luciano Panzani<\/strong>, el <strong>Dr. Filippo Lamanna<\/strong> y el <strong>Prof. Danilo Galletti<\/strong>.<\/li>\n\n\n\n<li>17:30: <strong>&#8220;Composici\u00f3n negociada, PRO y Transacci\u00f3n Fiscal: los nuevos instrumentos a prueba&#8221;<\/strong>. El <strong>Dr. Fabio Florini<\/strong> coordinar\u00e1 la discusi\u00f3n, que contar\u00e1 con la participaci\u00f3n de los <strong>Profesores Sido Bonfatti, Stefania Pacchi, Marco Arato y Marcello Pollio.<\/strong><\/li>\n<\/ul>\n\n\n\n<p><strong>DOMINGO 30 DE SEPTIEMBRE<\/strong><\/p>\n\n\n\n<ul>\n<li>09:15: <strong>&#8220;Adeguati Assetti e Responsabilit\u00e0&#8221;<\/strong>. Coordina el <strong>Abg. Massimiliano Angelini<\/strong>. Debaten sobre el tema los <strong>Dr. Andrea Fidanzia<\/strong>, <strong>Gilberto Montecchi<\/strong> y Marcello Tarabusi.<\/li>\n\n\n\n<li>10:30: <strong>&#8220;Distribuzione del valore e maggioranze nel Concordato Preventivo&#8221;<\/strong>. Coordina el <strong>Prof. Fabrizio di Marzio<\/strong>. Intervendr\u00e1n sobre el tema la <strong>Dr. Lucia De Bernardin<\/strong> y los <strong>Profesores Paolo Benazzo<\/strong> y <strong>Giacomo D&#8217;Attorre<\/strong>.<\/li>\n\n\n\n<li>11:45: <strong>&#8220;Imprese sotto soglia: sovraindebitamento e nuovi strumenti&#8221;<\/strong>. El <strong>Abg. Fabio Cesare<\/strong> introducir\u00e1 los trabajos. Debaten sobre el tema los <strong>Dr. Alessandro Farolfi,<\/strong> <strong>Giuseppe Limitone<\/strong> y el <strong>Abg. Diego Manente.<\/strong><\/li>\n<\/ul>\n\n\n\n<p>Descargar <a href=\"http:\/\/www.fallimentiesocieta.it\/sites\/default\/files\/2023-09\/brochure_web_codice_crisi_09_2023.pdf\">aqu\u00ed<\/a> el cartel con el programa.<\/p>\n\n\n\n<figure class=\"wp-block-image size-full is-resized\"><img loading=\"lazy\" decoding=\"async\" width=\"1993\" height=\"755\" src=\"https:\/\/dev.gobidgroup.com\/wp-content\/uploads\/2023\/09\/sala-conferenze-o-sala-seminari-con-sfondo-dei-partecipanti.jpg\" alt=\"\" class=\"wp-image-99804\" style=\"width:1200px;height:undefinedpx\" srcset=\"https:\/\/dev.gobidgroup.com\/wp-content\/uploads\/2023\/09\/sala-conferenze-o-sala-seminari-con-sfondo-dei-partecipanti.jpg 1993w, https:\/\/dev.gobidgroup.com\/wp-content\/uploads\/2023\/09\/sala-conferenze-o-sala-seminari-con-sfondo-dei-partecipanti-300x114.jpg 300w, https:\/\/dev.gobidgroup.com\/wp-content\/uploads\/2023\/09\/sala-conferenze-o-sala-seminari-con-sfondo-dei-partecipanti-1024x388.jpg 1024w, https:\/\/dev.gobidgroup.com\/wp-content\/uploads\/2023\/09\/sala-conferenze-o-sala-seminari-con-sfondo-dei-partecipanti-768x291.jpg 768w, https:\/\/dev.gobidgroup.com\/wp-content\/uploads\/2023\/09\/sala-conferenze-o-sala-seminari-con-sfondo-dei-partecipanti-1536x582.jpg 1536w\" sizes=\"(max-width: 1993px) 100vw, 1993px\" \/><\/figure>\n","protected":false},"excerpt":{"rendered":"<p>Gobid Group se encuentra entre los principales patrocinadores de la conferencia dedicada al C\u00f3digo de Crisis, uno de los temas del momento. Cita en Riccione, Hotel Corallo los d\u00edas 29 y 30 de septiembre.<\/p>\n","protected":false},"author":13,"featured_media":109126,"comment_status":"open","ping_status":"open","sticky":false,"template":"","format":"standard","meta":{"_seopress_robots_primary_cat":"none","om_disable_all_campaigns":false,"_monsterinsights_skip_tracking":false,"_monsterinsights_sitenote_active":false,"_monsterinsights_sitenote_note":"","_monsterinsights_sitenote_category":0,"_uf_show_specific_survey":0,"_uf_disable_surveys":false,"footnotes":""},"categories":[440,436],"tags":[504],"aioseo_notices":[],"_links":{"self":[{"href":"https:\/\/dev.gobidgroup.com\/es\/wp-json\/wp\/v2\/posts\/109122"}],"collection":[{"href":"https:\/\/dev.gobidgroup.com\/es\/wp-json\/wp\/v2\/posts"}],"about":[{"href":"https:\/\/dev.gobidgroup.com\/es\/wp-json\/wp\/v2\/types\/post"}],"author":[{"embeddable":true,"href":"https:\/\/dev.gobidgroup.com\/es\/wp-json\/wp\/v2\/users\/13"}],"replies":[{"embeddable":true,"href":"https:\/\/dev.gobidgroup.com\/es\/wp-json\/wp\/v2\/comments?post=109122"}],"version-history":[{"count":2,"href":"https:\/\/dev.gobidgroup.com\/es\/wp-json\/wp\/v2\/posts\/109122\/revisions"}],"predecessor-version":[{"id":109129,"href":"https:\/\/dev.gobidgroup.com\/es\/wp-json\/wp\/v2\/posts\/109122\/revisions\/109129"}],"wp:featuredmedia":[{"embeddable":true,"href":"https:\/\/dev.gobidgroup.com\/es\/wp-json\/wp\/v2\/media\/109126"}],"wp:attachment":[{"href":"https:\/\/dev.gobidgroup.com\/es\/wp-json\/wp\/v2\/media?parent=109122"}],"wp:term":[{"taxonomy":"category","embeddable":true,"href":"https:\/\/dev.gobidgroup.com\/es\/wp-json\/wp\/v2\/categories?post=109122"},{"taxonomy":"post_tag","embeddable":true,"href":"https:\/\/dev.gobidgroup.com\/es\/wp-json\/wp\/v2\/tags?post=109122"}],"curies":[{"name":"wp","href":"https:\/\/api.w.org\/{rel}","templated":true}]}}