{"id":109111,"date":"2023-12-18T19:25:40","date_gmt":"2023-12-18T17:25:40","guid":{"rendered":"https:\/\/dev.gobidgroup.com\/?p=109111"},"modified":"2025-02-13T14:00:43","modified_gmt":"2025-02-13T12:00:43","slug":"capri-las-oportunidades-y-los-efectos-secundarios-de-la-solucion-de-la-crisis","status":"publish","type":"post","link":"https:\/\/dev.gobidgroup.com\/es\/capri-las-oportunidades-y-los-efectos-secundarios-de-la-solucion-de-la-crisis\/","title":{"rendered":"Capri: Las oportunidades y los efectos secundarios de la soluci\u00f3n de la crisis"},"content":{"rendered":"\n<p>La <strong>isla de Capri<\/strong> ser\u00e1 el <strong>escenario exclusivo<\/strong> del seminario <strong>&#8220;Las oportunidades y los efectos colaterales de la composici\u00f3n de la crisis&#8221;<\/strong>, que se llevar\u00e1 a cabo los d\u00edas <strong>29, 30 de septiembre y 1 de octubre<\/strong>. <strong>Gobid Group<\/strong> es <strong>partner del evento<\/strong>, organizado por el <strong>Istituto Curatori Fallimentari<\/strong> en colaboraci\u00f3n con <strong>EKIP &#8211; Juristas y Economistas de Empresa Venezia-Mestre<\/strong>. Tres jornadas de <strong>actualizaci\u00f3n y profundizaci\u00f3n<\/strong>, dedicadas \u00edntegramente a <strong>curadores, liquidadores judiciales y profesionales encargados de la liquidaci\u00f3n de bienes<\/strong> en el \u00e1mbito de la <strong>gesti\u00f3n de crisis empresarial y procedimientos concursales<\/strong>.<\/p>\n\n\n\n<h2 class=\"wp-block-heading\">Los temas de cada d\u00eda.<\/h2>\n\n\n\n<p><strong>VIERNES 29 DE SEPTIEMBRE (14.30 &#8211; 18.30 horas): \u201cLA COMPARACI\u00d3N ECON\u00d3MICA Y FINANCIERA ENTRE EL ESCENARIO DE LIQUIDACI\u00d3N Y LOS DISTINTOS ACUERDOS\u201d.<\/strong>. <\/p>\n\n\n\n<h3 class=\"wp-block-heading\">A continuaci\u00f3n se detallan los temas tratados durante la sesi\u00f3n:<\/h3>\n\n\n\n<ul>\n<li>&#8220;El contencioso tributario m\u00e1s recurrente y la fiscalidad de los instrumentos&#8221; &#8211; <strong>Prof. Dr. Piergiorgio Valente<\/strong> \u2013 Presidente, CFE Tax Advisers Europe<\/li>\n\n\n\n<li>&#8220;Las acciones de responsabilidad y las revocatorias&#8221; &#8211; <strong>Prof. Abg. Luigi Balestra<\/strong> &#8211; Universidad de Bolonia<\/li>\n\n\n\n<li>&#8220;Un plan estrat\u00e9gico de innovaci\u00f3n para salir de la crisis y la insolvencia&#8221; &#8211; <strong>Prof. Carlo Bagnoli<\/strong> &#8211; Universidad Ca\u2019 Foscari &#8211; Director Strategy Innovation<\/li>\n\n\n\n<li>&#8220;La liquidaci\u00f3n judicial: algunas oportunidades&#8221; &#8211; <strong>Prof. Dr. Luca Mandrioli<\/strong> &#8211; Universidad de Trento<\/li>\n\n\n\n<li>&#8220;La exoneraci\u00f3n de deudas del deudor: \u00bfes una revoluci\u00f3n?&#8221; &#8211; <strong>Dra. Anna Ghedini<\/strong> &#8211; Jueza, Tribunal de Ferrara<\/li>\n\n\n\n<li>&#8220;El mercado de capitales: oportunidades en diferentes situaciones de crisis&#8221; &#8211; <strong>Dr. Daniele Patruno<\/strong> &#8211; CEO de Europa Investimenti S.p.A.<\/li>\n<\/ul>\n\n\n\n<p><strong>S\u00c1BADO 30 DE SEPTIEMBRE (9.00 &#8211; 13.00 horas). \u201cLAS OPORTUNIDADES Y DIFICULTADES DE LA ALTERNATIVA A LA LIQUIDACI\u00d3N JUDICIAL\u201d.<\/strong> OPONENTE al debate ser\u00e1 el<strong> Dr. BRUNO CONCA<\/strong> &#8211; G.D. Tribunal de B\u00e9rgamo<\/p>\n\n\n\n<p>Aqu\u00ed ten\u00e9is el programa detallado de la jornada:<\/p>\n\n\n\n<ul>\n<li>&#8220;La C.N. y el acuerdo simplificado&#8221; &#8211; <strong>Dra. Laura De Simone<\/strong> &#8211; Presidenta de la Secci\u00f3n Judicial de B\u00e9rgamo<\/li>\n\n\n\n<li>&#8220;Los acuerdos de reestructuraci\u00f3n&#8221; &#8211; <strong>Dr. Pier Paolo lanni<\/strong> &#8211; G.D. Tribunal de Verona<\/li>\n\n\n\n<li>&#8220;El P.R.O. y el Convenio con Acreedores&#8221; &#8211; <strong>Dr. Sergio Rossetti<\/strong> &#8211; G.D. Tribunal de Mil\u00e1n &#8211; Dr. Salvo Leuzzi &#8211; Oficina de Casaci\u00f3n Massimario<\/li>\n<\/ul>\n\n\n\n<p><strong>DOMINGO 1 DE OCTUBRE (9.00 &#8211; 13.00) \u201cACCESO A LA CRISIS\u201d<\/strong>&#8220;<\/p>\n\n\n\n<p>A continuaci\u00f3n se detallan las intervenciones programadas para la sesi\u00f3n final:<\/p>\n\n\n\n<ul>\n<li>&#8220;Entre la precrisis y la liquidaci\u00f3n de la empresa, continuidad a toda costa. Retribuci\u00f3n del riesgo para las partes interesadas&#8221; &#8211; <strong>Dr. Riccardo Ranalli<\/strong> \u2013 Contador P\u00fablico en Tur\u00edn<\/li>\n\n\n\n<li>&#8220;Las v\u00edas de acceso a las herramientas de regulaci\u00f3n de crisis y de insolvencia&#8221; &#8211; <strong>Prof. Ilaria Pagni<\/strong> \u2013 Presidenta de la Comisi\u00f3n Ministerial del C\u00f3digo de Crisis<\/li>\n\n\n\n<li>&#8220;Control judicial&#8221; &#8211; <strong>Dr. Giovanni Nardecchia<\/strong> \u2013 Fiscal\u00eda General del Tribunal Supremo<\/li>\n\n\n\n<li>&#8220;Quiebra insolvente&#8221; &#8211; <strong>Dr. Renato Bricchetti<\/strong> &#8211; Presidente de la Comisi\u00f3n Ministerial<\/li>\n<\/ul>\n\n\n\n<pre id=\"tw-target-text\" class=\"wp-block-preformatted\">Descarga <a href=\"http:\/\/www.fallimentiesocieta.it\/sites\/default\/files\/2023-08\/Programma%20Seminario%20Capri%202023.pdf\">aqu\u00ed<\/a> el cartel con el programa detallado.<\/pre>\n\n\n\n<figure class=\"wp-block-image size-full is-resized\"><img loading=\"lazy\" decoding=\"async\" width=\"1491\" height=\"752\" src=\"https:\/\/dev.gobidgroup.com\/wp-content\/uploads\/2023\/07\/vista-posteriore-dell-udienza-del-pubblico-altoparlanti-sul-palco-nella-sala-delle-conferenze-o-nella-riunione-del-seminario.jpg\" alt=\"\" class=\"wp-image-97786\" style=\"width:1200px;height:undefinedpx\" srcset=\"https:\/\/dev.gobidgroup.com\/wp-content\/uploads\/2023\/07\/vista-posteriore-dell-udienza-del-pubblico-altoparlanti-sul-palco-nella-sala-delle-conferenze-o-nella-riunione-del-seminario.jpg 1491w, https:\/\/dev.gobidgroup.com\/wp-content\/uploads\/2023\/07\/vista-posteriore-dell-udienza-del-pubblico-altoparlanti-sul-palco-nella-sala-delle-conferenze-o-nella-riunione-del-seminario-300x151.jpg 300w, https:\/\/dev.gobidgroup.com\/wp-content\/uploads\/2023\/07\/vista-posteriore-dell-udienza-del-pubblico-altoparlanti-sul-palco-nella-sala-delle-conferenze-o-nella-riunione-del-seminario-1024x516.jpg 1024w, https:\/\/dev.gobidgroup.com\/wp-content\/uploads\/2023\/07\/vista-posteriore-dell-udienza-del-pubblico-altoparlanti-sul-palco-nella-sala-delle-conferenze-o-nella-riunione-del-seminario-768x387.jpg 768w\" sizes=\"(max-width: 1491px) 100vw, 1491px\" \/><\/figure>\n\n\n\n<p><\/p>\n","protected":false},"excerpt":{"rendered":"<p>Un evento que no debe perderse los d\u00edas 29, 30 de septiembre y 1 de octubre en el espl\u00e9ndido marco de la isla de Capri.<\/p>\n","protected":false},"author":13,"featured_media":97791,"comment_status":"open","ping_status":"open","sticky":false,"template":"","format":"standard","meta":{"_seopress_robots_primary_cat":"none","om_disable_all_campaigns":false,"_monsterinsights_skip_tracking":false,"_monsterinsights_sitenote_active":false,"_monsterinsights_sitenote_note":"","_monsterinsights_sitenote_category":0,"_uf_show_specific_survey":0,"_uf_disable_surveys":false,"footnotes":""},"categories":[442,436],"tags":[474,476,469],"aioseo_notices":[],"_links":{"self":[{"href":"https:\/\/dev.gobidgroup.com\/es\/wp-json\/wp\/v2\/posts\/109111"}],"collection":[{"href":"https:\/\/dev.gobidgroup.com\/es\/wp-json\/wp\/v2\/posts"}],"about":[{"href":"https:\/\/dev.gobidgroup.com\/es\/wp-json\/wp\/v2\/types\/post"}],"author":[{"embeddable":true,"href":"https:\/\/dev.gobidgroup.com\/es\/wp-json\/wp\/v2\/users\/13"}],"replies":[{"embeddable":true,"href":"https:\/\/dev.gobidgroup.com\/es\/wp-json\/wp\/v2\/comments?post=109111"}],"version-history":[{"count":1,"href":"https:\/\/dev.gobidgroup.com\/es\/wp-json\/wp\/v2\/posts\/109111\/revisions"}],"predecessor-version":[{"id":109114,"href":"https:\/\/dev.gobidgroup.com\/es\/wp-json\/wp\/v2\/posts\/109111\/revisions\/109114"}],"wp:featuredmedia":[{"embeddable":true,"href":"https:\/\/dev.gobidgroup.com\/es\/wp-json\/wp\/v2\/media\/97791"}],"wp:attachment":[{"href":"https:\/\/dev.gobidgroup.com\/es\/wp-json\/wp\/v2\/media?parent=109111"}],"wp:term":[{"taxonomy":"category","embeddable":true,"href":"https:\/\/dev.gobidgroup.com\/es\/wp-json\/wp\/v2\/categories?post=109111"},{"taxonomy":"post_tag","embeddable":true,"href":"https:\/\/dev.gobidgroup.com\/es\/wp-json\/wp\/v2\/tags?post=109111"}],"curies":[{"name":"wp","href":"https:\/\/api.w.org\/{rel}","templated":true}]}}