{"id":109083,"date":"2023-09-28T15:04:34","date_gmt":"2023-09-28T13:04:34","guid":{"rendered":"https:\/\/dev.gobidgroup.com\/?p=109083"},"modified":"2025-02-14T13:19:56","modified_gmt":"2025-02-14T11:19:56","slug":"brescia-el-codigo-de-la-crisis-empresarial-y-de-la-insolvencia","status":"publish","type":"post","link":"https:\/\/dev.gobidgroup.com\/es\/brescia-el-codigo-de-la-crisis-empresarial-y-de-la-insolvencia\/","title":{"rendered":"Brescia: El c\u00f3digo de la crisis empresarial y de la insolvencia"},"content":{"rendered":"\n<p>Un evento ineludible para todos los profesionales del mundo judicial. Los d\u00edas <strong>13 y 14 de octubre tendr\u00e1 lugar en el Hotel Villa Fenaroli<\/strong> Palace de Rezzato la <strong>XXXIII Edici\u00f3n del Congreso de Estudio &#8220;El C\u00f3digo de las Crisis y de la Insolvencia Empresarial a un a\u00f1o de su introducci\u00f3n. El papel del contable y las primeras aplicaciones&#8221;.<\/strong><\/p>\n\n\n\n<p>El evento est\u00e1 organizado por la <strong>Orden de Contadores P\u00fablicos y Peritos Contables de Brescia<\/strong> con el patrocinio del <strong>Consejo Nacional de Contadores P\u00fablicos y Peritos Contables, la C\u00e1mara de Comercio, Industria, Artesan\u00eda y Agricultura de Brescia y la Universidad de Brescia.<\/strong> Gobid Group es el patrocinador principal de la conferencia.<\/p>\n\n\n\n<p>Empezaremos abordando el fen\u00f3meno de las crisis empresariales, <strong>hasta la insolvencia<\/strong>, y eligiendo la mejor herramienta para afrontarlas. Luego hay espacio para el tema de la <strong>continuidad del negocio<\/strong>, desde la composici\u00f3n negociada hasta los planes de recuperaci\u00f3n y <strong>el plan de reestructuraci\u00f3n aprobado<\/strong>. La conferencia continuar\u00e1 luego con la <strong>alternativa de liquidaci\u00f3n<\/strong>, los acuerdos de reestructuraci\u00f3n de la deuda, el convenio con los acreedores y un examen comparativo de las <strong>directivas de los distintos tribunales. <\/strong>Finalmente, se pondr\u00e1 \u00e9nfasis en los delitos cometidos por el empresario y otros sujetos involucrados, sin descuidar <strong>la protecci\u00f3n de terceros.<\/strong><\/p>\n\n\n\n<h2 class=\"wp-block-heading\">El programa de los d\u00edas individuales.<\/h2>\n\n\n\n<p><strong>VIERNES 13 DE OCTUBRE<\/strong> &#8211; APERTURA DE OBRAS:<\/p>\n\n\n\n<ul>\n<li>09.30: Dr. <strong>Severino Gritti<\/strong> &#8211; Presidente de la Orden de Contadores P\u00fablicos y Peritos Contables de Brescia. Los ponentes ser\u00e1n el Prof. <strong>Dr. Elbano de Nuccio<\/strong>, Presidente del Consejo Nacional de Contadores P\u00fablicos y Expertos Contables, el <strong>Ing. Roberto Saccone<\/strong>, Presidente de la C\u00e1mara de Comercio, Industria y Artesan\u00eda de Brescia, el <strong>Prof. Francesco Castelli<\/strong> Magnifico Rector de la Universidad de Brescia, el <strong>Dr. Francesco Guarneri<\/strong>, Director General de Guber Banca SpA.<\/li>\n<\/ul>\n\n\n\n<p>PRIMERA SESI\u00d3N<\/p>\n\n\n\n<ul>\n<li>9.45: <strong>La crisis y la fase que la precede: la elecci\u00f3n de la herramienta para afrontarlas.<\/strong> Coordinador: Dr. Vittorio Mas\u00eca. Presidente del Tribunal Ordinario de Brescia y Presidente de la Secci\u00f3n de Medidas de Prevenci\u00f3n del Distrito Aut\u00f3nomo. Lo discutir\u00e1n el <strong>Prof. Avv. Stefano Ambrosini<\/strong>, Profesor de Derecho Comercial de la Universidad del Piamonte Oriental, el<strong> Prof. Avv. Luigi Ardizzone<\/strong>, Profesor de Derecho Comercial de la Universidad de Brescia, el <strong>Dr. Marcello Pollio<\/strong>, Contador de la Asociaci\u00f3n de G\u00e9nova, el Dr. Stefano Midolo, Contador de la Orden de Brescia.<\/li>\n<\/ul>\n\n\n\n<p>SEGUNDA SESI\u00d3N<\/p>\n\n\n\n<ul>\n<li>11.50: <strong>Continuidad del negocio: composici\u00f3n negociada, planes de recuperaci\u00f3n, plan de reestructuraci\u00f3n aprobado.<\/strong> Coordinadora: <strong>Dra. Graziella Canditti<\/strong> Contadora de la Orden de Brescia. Ponentes: Prof. <strong>Edgardo Ricciardiello<\/strong> Asociado en Derecho Comercial \u2013 Universidad de Bolonia. <strong>Dr. Simonetta Bruno<\/strong> Presidente IV Secci\u00f3n Civil &#8211; Quiebras, Procedimientos de Insolvencia y Ejecuci\u00f3n del Tribunal de Brescia, <strong>Dr. Alessandro Pernigotto<\/strong> Juez IV Secci\u00f3n Civil &#8211; Quiebras, Procedimientos de Insolvencia y Ejecuci\u00f3n del Tribunal de Brescia, <strong>Avv. Giovanni Pigolotti<\/strong> Abogado y Consejero del Colegio de Abogados de Brescia, <strong>Dra. Raffaella Ferrai <\/strong>Presidenta del Colegio de Contadores P\u00fablicos y Peritos Contables de Trento y Rovereto.<\/li>\n<\/ul>\n\n\n\n<p>TERCERA SESI\u00d3N<\/p>\n\n\n\n<ul>\n<li>15.00:<strong> Continuidad del negocio, la alternativa de liquidaci\u00f3n, acuerdos de reestructuraci\u00f3n de deuda y composici\u00f3n preventiva: temas cr\u00edticos y oportunidades.<\/strong> Tribunales comparados. Coordina el Dr. Giovanni Rizzardi, Contador de la Orden de Brescia. Ser\u00e1 discutido por la <strong>Dra. Monica Attanasio<\/strong>, Presidenta de la II Secci\u00f3n Civil del Tribunal de Verona, el <strong>Dr. Vincenza Agnese<\/strong>, Juez II de la Secci\u00f3n Civil del Tribunal de Mil\u00e1n, el <strong>Dr. Raffaele Del Porto<\/strong>, Presidente de la II Secci\u00f3n Civil y de la Secci\u00f3n Comercial Especializada del Tribunal de Brescia, el <strong>Prof. Paolo Felice Censoni<\/strong>, Presidente del Centro de Estudios de Derecho de Insolvencia de Bolonia Ordinario f.r. Doctor en Derecho Comercial por la Universidad de Urbino Carlo Bo.<\/li>\n<\/ul>\n\n\n\n<p>CUARTA SESI\u00d3N<\/p>\n\n\n\n<ul>\n<li>17.00h <strong>Mesa redonda: Los puntos de vista de las partes implicadas.<\/strong> Coordinador: <strong>Dr. Alessandro Galimberti <\/strong>Periodista de Il Sole 24 Ore. El <strong>Prof. Maurizio Leo<\/strong>, Viceministro de Econom\u00eda y Finanzas, el Senador Avv. Francesco Paolo Sisto, el Viceministro de Justicia, el <strong>Dr. Mas\u00eca Vittorio<\/strong>, Presidente del Tribunal Ordinario de Brescia y Presidente de la Secci\u00f3n de Medidas de Prevenci\u00f3n del Distrito Aut\u00f3nomo, el <strong>Dr. Raffaele Del Porto<\/strong>, Presidente de la II Secci\u00f3n Civil y de la Secci\u00f3n Comercial Especializada del Tribunal de Brescia, el <strong>Prof. Avvv. Luigi Balestra<\/strong>, Profesor de Derecho Civil en el Departamento de Ciencias. Estudios Jur\u00eddicos en la Universidad de Bolonia, <strong>Dr. Davide Becchetti<\/strong> Jefe de Situaciones Especiales Guber Banca SpA, <strong>Dr. Paolo Streparava<\/strong> Vicepresidente de Confindustria Brescia Prof. Dra. Maria Lucetta Russotto Asociada de Econom\u00eda Empresarial Universidad de Florencia y Cassino.<\/li>\n<\/ul>\n\n\n\n<figure class=\"wp-block-image size-large\"><img loading=\"lazy\" decoding=\"async\" width=\"1024\" height=\"499\" src=\"https:\/\/dev.gobidgroup.com\/wp-content\/uploads\/2023\/09\/donna-che-da-presentazione-sulla-conferenza-di-lavoro-1024x499.jpg\" alt=\"\" class=\"wp-image-101194\" srcset=\"https:\/\/dev.gobidgroup.com\/wp-content\/uploads\/2023\/09\/donna-che-da-presentazione-sulla-conferenza-di-lavoro-1024x499.jpg 1024w, https:\/\/dev.gobidgroup.com\/wp-content\/uploads\/2023\/09\/donna-che-da-presentazione-sulla-conferenza-di-lavoro-300x146.jpg 300w, https:\/\/dev.gobidgroup.com\/wp-content\/uploads\/2023\/09\/donna-che-da-presentazione-sulla-conferenza-di-lavoro-768x374.jpg 768w, https:\/\/dev.gobidgroup.com\/wp-content\/uploads\/2023\/09\/donna-che-da-presentazione-sulla-conferenza-di-lavoro.jpg 1200w\" sizes=\"(max-width: 1024px) 100vw, 1024px\" \/><figcaption class=\"wp-element-caption\"> <\/figcaption><\/figure>\n\n\n\n<p>S\u00c1BADO 14 DE OCTUBRE:<\/p>\n\n\n\n<p>QUINTA SESI\u00d3N:<\/p>\n\n\n\n<ul>\n<li>9.30 <strong>Delitos cometidos por el empresario y por personas distintas del empresario<\/strong>. La protecci\u00f3n de terceros. Coordinador: <strong>Dr. Pierangelo Seri<\/strong> Contador de la Orden de Brescia. Son discutidos por el <strong>Prof. Alessandro Danovi <\/strong>Asociado en Econom\u00eda y Gesti\u00f3n Empresarial de la Universidad de B\u00e9rgamo, <strong>Avv. Andrea Puccio<\/strong> Abogado Penalista en Mil\u00e1n y Brescia Derecho Penal de Econom\u00eda y Empresa, <strong>Dra. Angelina Baldissera<\/strong> Juez II Secci\u00f3n Civil y Distrito Aut\u00f3nomo Secci\u00f3n de Medidas de Prevenci\u00f3n del Tribunal de Brescia, <strong>Dra. Benedetta Callea<\/strong> Adjunta Fiscal del Tribunal de Brescia, <strong>Dr. Antonio Chiappani<\/strong> Fiscal del Tribunal de B\u00e9rgamo.<\/li>\n\n\n\n<li>13.00 horas CIERRE de obra<\/li>\n<\/ul>\n","protected":false},"excerpt":{"rendered":"<p>Los d\u00edas 13 y 14 de octubre, cita en Brescia, en el espl\u00e9ndido emplazamiento de Villa Fenaroli, para la 13\u00aa edici\u00f3n del Congreso de Estudios.<\/p>\n","protected":false},"author":13,"featured_media":101192,"comment_status":"open","ping_status":"open","sticky":false,"template":"","format":"standard","meta":{"_seopress_robots_primary_cat":"none","om_disable_all_campaigns":false,"_monsterinsights_skip_tracking":false,"_monsterinsights_sitenote_active":false,"_monsterinsights_sitenote_note":"","_monsterinsights_sitenote_category":0,"_uf_show_specific_survey":0,"_uf_disable_surveys":false,"footnotes":""},"categories":[442,436],"tags":[474],"aioseo_notices":[],"_links":{"self":[{"href":"https:\/\/dev.gobidgroup.com\/es\/wp-json\/wp\/v2\/posts\/109083"}],"collection":[{"href":"https:\/\/dev.gobidgroup.com\/es\/wp-json\/wp\/v2\/posts"}],"about":[{"href":"https:\/\/dev.gobidgroup.com\/es\/wp-json\/wp\/v2\/types\/post"}],"author":[{"embeddable":true,"href":"https:\/\/dev.gobidgroup.com\/es\/wp-json\/wp\/v2\/users\/13"}],"replies":[{"embeddable":true,"href":"https:\/\/dev.gobidgroup.com\/es\/wp-json\/wp\/v2\/comments?post=109083"}],"version-history":[{"count":2,"href":"https:\/\/dev.gobidgroup.com\/es\/wp-json\/wp\/v2\/posts\/109083\/revisions"}],"predecessor-version":[{"id":109372,"href":"https:\/\/dev.gobidgroup.com\/es\/wp-json\/wp\/v2\/posts\/109083\/revisions\/109372"}],"wp:featuredmedia":[{"embeddable":true,"href":"https:\/\/dev.gobidgroup.com\/es\/wp-json\/wp\/v2\/media\/101192"}],"wp:attachment":[{"href":"https:\/\/dev.gobidgroup.com\/es\/wp-json\/wp\/v2\/media?parent=109083"}],"wp:term":[{"taxonomy":"category","embeddable":true,"href":"https:\/\/dev.gobidgroup.com\/es\/wp-json\/wp\/v2\/categories?post=109083"},{"taxonomy":"post_tag","embeddable":true,"href":"https:\/\/dev.gobidgroup.com\/es\/wp-json\/wp\/v2\/tags?post=109083"}],"curies":[{"name":"wp","href":"https:\/\/api.w.org\/{rel}","templated":true}]}}