{"id":109075,"date":"2023-10-03T11:00:43","date_gmt":"2023-10-03T09:00:43","guid":{"rendered":"https:\/\/dev.gobidgroup.com\/?p=109075"},"modified":"2025-02-14T13:03:55","modified_gmt":"2025-02-14T11:03:55","slug":"mantua-la-ley-de-la-crisis-entre-proceso-y-valor-empresarial","status":"publish","type":"post","link":"https:\/\/dev.gobidgroup.com\/es\/mantua-la-ley-de-la-crisis-entre-proceso-y-valor-empresarial\/","title":{"rendered":"Mantua: La ley de la crisis entre proceso y valor empresarial"},"content":{"rendered":"\n<p>Una cita imperdible para todos los profesionales del \u00e1mbito judicial los d\u00edas 6 y 7 de octubre. El congreso <strong>&#8220;El Derecho de la Crisis entre proceso y valor de la empresa&#8221;<\/strong> se celebrar\u00e1 en <strong>Mantua<\/strong>, en el marco incomparable del <strong>Teatro Sociale<\/strong>. <strong>Gobid Group<\/strong> es el <strong>partner oficial<\/strong> del evento, organizado por el <strong>Istituto Vendite Giudiziarie<\/strong>, el <strong>Centro Studi Diritto della Crisi e dell&#8217;Insolvenza<\/strong> y la <strong>Revista Diritto della Crisi<\/strong>. Un evento de gran relevancia, que cuenta entre sus protagonistas con magistrados, profesionales del mundo acad\u00e9mico y de la crisis. El foco de las dos jornadas ser\u00e1 la <strong>salvaguardia del valor de las empresas<\/strong> en los procesos de reestructuraci\u00f3n previstos por el <strong>C\u00f3digo de la Crisis Empresarial y de la Insolvencia<\/strong> y por la <strong>Reforma Cartabia<\/strong>. La <strong>Dra. Emma Marcegaglia<\/strong> ser\u00e1 la encargada de introducir los trabajos, abordando el tema <strong>&#8220;La protecci\u00f3n del valor de las empresas en las fases de vida de las realidades productivas&#8221;<\/strong>.<strong><br><\/strong><\/p>\n\n\n\n<h2 class=\"wp-block-heading\">El programa de los d\u00edas individuales.<\/h2>\n\n\n\n<h3 class=\"wp-block-heading\">VIERNES 6 DE OCTUBRE:<\/h3>\n\n\n\n<h4 class=\"wp-block-heading\"><\/h4>\n\n\n\n<p><strong>PRIMERA SESI\u00d3N<\/strong> SOBRE EL TEMA <strong>\u201cLA SALVAGUARDIA DEL VALOR DE LA EMPRESA EN LOS PROCESOS DE REESTRUCTURACI\u00d3N\u201d<\/strong>. Coordina los trabajos la&nbsp;<strong>Dra. Laura De Simone.<\/strong><\/p>\n\n\n\n<ul>\n<li>9:30:&nbsp;&#8220;El derecho de la crisis entre disciplina aut\u00f3noma y disciplina de s\u00edntesis&#8221;&nbsp;&#8211;&nbsp;<strong>Prof. Abog. Massimo Fabiani<\/strong>, Catedr\u00e1tico de Derecho Mercantil en la Universidad de los Estudios de Molise.<\/li>\n\n\n\n<li>10:00:&nbsp;&#8220;La gesti\u00f3n de la empresa entre composici\u00f3n negociada y reestructuraciones&#8221;&nbsp;&#8211;&nbsp;<strong>Abog. Salvatore Sanzo<\/strong>, Abogado del Colegio de Abogados de Mil\u00e1n, y&nbsp;<strong>Dr. Claudio Ceradini<\/strong>, Dottore Commercialista en Verona.<\/li>\n\n\n\n<li>10:50:&nbsp;&#8220;El gobierno de la empresa en concurso preventivo, tambi\u00e9n en relaci\u00f3n con el papel del comisario judicial &#8216;Negociador'&#8221;&nbsp;&#8211;&nbsp;<strong>Dr. Antonio Rossi<\/strong>, Asociado de Derecho Mercantil en la Universidad de Bolonia.<\/li>\n\n\n\n<li>11:20:&nbsp;&#8220;La salvaguardia del valor al final de la reestructuraci\u00f3n empresarial y su asignaci\u00f3n&#8221;&nbsp;&#8211;&nbsp;<strong>Prof. Francesco Capalbo<\/strong>, Catedr\u00e1tico de Econom\u00eda Empresarial en la Universidad de Molise, y&nbsp;<strong>Prof. Abog. Lorenzo Stanghellini<\/strong>, Catedr\u00e1tico de Derecho Mercantil en la Universidad de los Estudios de Florencia.<\/li>\n\n\n\n<li>12:10:&nbsp;&#8220;Las reglas de distribuci\u00f3n del &#8216;valor empresa'&#8221;&nbsp;&#8211;&nbsp;<strong>Dr. Salvo Leuzzi<\/strong>, Magistrado adscrito a la Oficina del Maximalario y del Rol en la Corte Suprema de Casaci\u00f3n.<\/li>\n\n\n\n<li>12:40:&nbsp;Preguntas y respuestas.<\/li>\n<\/ul>\n\n\n\n<h4 class=\"wp-block-heading\"><\/h4>\n\n\n\n<p><strong>SEGUNDA SESI\u00d3N<\/strong> SOBRE EL TEMA <strong>\u201cEL PROCESO CIVIL REFORMADO EN EL MARCO DE LOS LITIGIOS DE LOS DE LOS PROCEDIMIENTOS CONCURSALES<strong>\u201d<\/strong><\/strong><\/p>\n\n\n\n<ul>\n<li>14:30 &#8211; &#8220;La adaptabilidad de las reglas procesales a las controversias econ\u00f3micas&#8221; &#8211; <strong>Prof. Abg. Claudio Consolo<\/strong> &#8211; Catedr\u00e1tico de Derecho Procesal Civil en la Universidad de Roma &#8220;La Sapienza&#8221;<\/li>\n\n\n\n<li>15:00 &#8211; &#8220;Las acciones de cognici\u00f3n y la nueva fase de las alegaciones anticipadas&#8221; &#8211; <strong>Prof. Abg. Giuseppe Trisorio Liuzzi<\/strong> &#8211; Catedr\u00e1tico de Derecho Procesal Civil en la Universidad de Bari<\/li>\n\n\n\n<li>15:30 &#8211; &#8220;Decreto de requerimiento de pago, \u00f3rdenes ex art. 183-ter y art. 183-quater c.p.c. y procesos concursales&#8221; &#8211; <strong>Dr. Pierpaolo Lanni<\/strong> &#8211; Juez en el Tribunal de Verona<\/li>\n\n\n\n<li>16:00 &#8211; &#8220;Las impugnaciones de los instrumentos de regulaci\u00f3n de la crisis y el impacto de las novedades en los procesos de apelaci\u00f3n y casaci\u00f3n&#8221; &#8211; <strong>Prof. Abg. Ilaria Pagni<\/strong> &#8211; Catedr\u00e1tica de Derecho Procesal Civil en la <strong>Universidad de Florencia<\/strong><\/li>\n\n\n\n<li>16:30 &#8211; &#8220;Modificaciones en materia de ejecuciones forzadas y sus repercusiones en las ventas concursales&#8221; &#8211; <strong>Dr. Alberto Crivelli<\/strong> &#8211; Consejero de la Corte Suprema de Casaci\u00f3n<\/li>\n\n\n\n<li>17:00 &#8211; &#8220;Los procedimientos de impugnaci\u00f3n del estado pasivo&#8221; &#8211; <strong>Prof. Laura Baccaglini<\/strong> &#8211; Catedr\u00e1tica de Derecho Procesal Civil en la <strong>Universidad de Trento<\/strong><\/li>\n\n\n\n<li>17:30 &#8211; Preguntas y respuestas.<\/li>\n\n\n\n<li>17:45 &#8211; Proclamaci\u00f3n de los ganadores de las becas de estudio.<\/li>\n<\/ul>\n\n\n\n<figure class=\"wp-block-image size-full is-resized\"><img loading=\"lazy\" decoding=\"async\" width=\"1273\" height=\"574\" src=\"https:\/\/dev.gobidgroup.com\/wp-content\/uploads\/2023\/09\/1280px-Mantova_from_Mincio-1.jpg\" alt=\"\" class=\"wp-image-100803\" style=\"width:1164px;height:undefinedpx\" srcset=\"https:\/\/dev.gobidgroup.com\/wp-content\/uploads\/2023\/09\/1280px-Mantova_from_Mincio-1.jpg 1273w, https:\/\/dev.gobidgroup.com\/wp-content\/uploads\/2023\/09\/1280px-Mantova_from_Mincio-1-300x135.jpg 300w, https:\/\/dev.gobidgroup.com\/wp-content\/uploads\/2023\/09\/1280px-Mantova_from_Mincio-1-1024x462.jpg 1024w, https:\/\/dev.gobidgroup.com\/wp-content\/uploads\/2023\/09\/1280px-Mantova_from_Mincio-1-768x346.jpg 768w\" sizes=\"(max-width: 1273px) 100vw, 1273px\" \/><\/figure>\n\n\n\n<h3 class=\"wp-block-heading\">S\u00c1BADO 7 DE OCTUBRE<\/h3>\n\n\n\n<h4 class=\"wp-block-heading\"><\/h4>\n\n\n\n<p><strong>TERCERA SESI\u00d3N:<\/strong> FOCUS SOBRE LAS <strong>\u201cPROFESIONALIDADES DE APOYO A LAS REESTRUCTURACIONES DENTRO Y FUERA DEL PROCESO\u201d<\/strong>. Coordina: <strong>Dr. Salvo Leuzzi<\/strong>, Magistrado adscrito a la Oficina del Massimario y del Rol en la Corte Suprema de Casaci\u00f3n.<\/p>\n\n\n\n<ul>\n<li>09:00 &#8211; &#8220;Las \u00e1reas de intervenci\u00f3n del notario en apoyo a los itinerarios de reestructuraci\u00f3n&#8221; &#8211; <strong>Dr. Gabriele Mercanti<\/strong> &#8211; Notario en San Benedetto Po<\/li>\n\n\n\n<li>09:30 &#8211; &#8220;Aporte y prerrogativas de los s\u00edndicos en las din\u00e1micas de acceso a los instrumentos de regulaci\u00f3n de la crisis y de la insolvencia&#8221;. Intervienen, <strong>Dra. Lorenza Calcagno<\/strong> &#8211; Vicepresidenta del Comit\u00e9 Directivo de la Escuela Superior de la Magistratura, Dra. Stefania Chiaruttini &#8211; Contadora P\u00fablica en Mil\u00e1n, <strong>Prof. Abg. Francesco Fimman\u00f2<\/strong> &#8211; Catedr\u00e1tico de Derecho Comercial en la Universidad de las C\u00e1maras de Comercio de Roma &#8220;Universitas Mercatorum&#8221;<\/li>\n\n\n\n<li>10:50 &#8211; &#8220;El control judicial en los procedimientos reguladores de la crisis y la redefinici\u00f3n profesional del actor bancario en las diferentes fases de los instrumentos de regulaci\u00f3n de la crisis&#8221;. Intervienen: <strong>Dr. Giovanni Nardecchia<\/strong> &#8211; Fiscal Adjunto en la Corte Suprema de Casaci\u00f3n, <strong>Dr. Andrea Zuliani<\/strong> &#8211; Consejero de la Corte Suprema de Casaci\u00f3n, <strong>Abg. Vincenza Profeta<\/strong> &#8211; Abogada del Banco de Italia<\/li>\n\n\n\n<li>12:00 &#8211; Preguntas y respuestas.<\/li>\n\n\n\n<li><strong>12:15<\/strong> &#8211; <strong>Entrevista de la Revista a Giovanni Gorno Tempini<\/strong>, Presidente de Cassa Depositi e Prestiti S.p.A.<\/li>\n<\/ul>\n\n\n\n<p>Descarga <a href=\"https:\/\/static-convegni.mow.it\/images\/W2PzlQL4xZvAPeHYy1AtrTL7H2gkOxEVnpivZb36.pdf\">aqu\u00ed<\/a> la locandina del evento.<\/p>\n","protected":false},"excerpt":{"rendered":"<p>Los d\u00edas 6 y 7 de octubre, cita en el Teatro Sociale de Mantua para la conferencia dedicada al Derecho de las Crisis.<\/p>\n","protected":false},"author":13,"featured_media":100797,"comment_status":"open","ping_status":"open","sticky":false,"template":"","format":"standard","meta":{"_seopress_robots_primary_cat":"none","om_disable_all_campaigns":false,"_monsterinsights_skip_tracking":false,"_monsterinsights_sitenote_active":false,"_monsterinsights_sitenote_note":"","_monsterinsights_sitenote_category":0,"_uf_show_specific_survey":0,"_uf_disable_surveys":false,"footnotes":""},"categories":[436],"tags":[],"aioseo_notices":[],"_links":{"self":[{"href":"https:\/\/dev.gobidgroup.com\/es\/wp-json\/wp\/v2\/posts\/109075"}],"collection":[{"href":"https:\/\/dev.gobidgroup.com\/es\/wp-json\/wp\/v2\/posts"}],"about":[{"href":"https:\/\/dev.gobidgroup.com\/es\/wp-json\/wp\/v2\/types\/post"}],"author":[{"embeddable":true,"href":"https:\/\/dev.gobidgroup.com\/es\/wp-json\/wp\/v2\/users\/13"}],"replies":[{"embeddable":true,"href":"https:\/\/dev.gobidgroup.com\/es\/wp-json\/wp\/v2\/comments?post=109075"}],"version-history":[{"count":4,"href":"https:\/\/dev.gobidgroup.com\/es\/wp-json\/wp\/v2\/posts\/109075\/revisions"}],"predecessor-version":[{"id":109370,"href":"https:\/\/dev.gobidgroup.com\/es\/wp-json\/wp\/v2\/posts\/109075\/revisions\/109370"}],"wp:featuredmedia":[{"embeddable":true,"href":"https:\/\/dev.gobidgroup.com\/es\/wp-json\/wp\/v2\/media\/100797"}],"wp:attachment":[{"href":"https:\/\/dev.gobidgroup.com\/es\/wp-json\/wp\/v2\/media?parent=109075"}],"wp:term":[{"taxonomy":"category","embeddable":true,"href":"https:\/\/dev.gobidgroup.com\/es\/wp-json\/wp\/v2\/categories?post=109075"},{"taxonomy":"post_tag","embeddable":true,"href":"https:\/\/dev.gobidgroup.com\/es\/wp-json\/wp\/v2\/tags?post=109075"}],"curies":[{"name":"wp","href":"https:\/\/api.w.org\/{rel}","templated":true}]}}