{"id":109065,"date":"2023-10-11T17:56:07","date_gmt":"2023-10-11T15:56:07","guid":{"rendered":"https:\/\/dev.gobidgroup.com\/?p=109065"},"modified":"2025-02-14T10:39:38","modified_gmt":"2025-02-14T08:39:38","slug":"ancona-liquidaciones-de-insolvencia-en-el-codigo-de-crisis","status":"publish","type":"post","link":"https:\/\/dev.gobidgroup.com\/es\/ancona-liquidaciones-de-insolvencia-en-el-codigo-de-crisis\/","title":{"rendered":"Ancona: Liquidaciones de insolvencia en el c\u00f3digo de crisis"},"content":{"rendered":"\n<p><strong>Cita los d\u00edas 13 y 14 de octubre<\/strong> en la <strong>Facultad de Econom\u00eda &#8220;G. Fu\u00e0&#8221;<\/strong> de la <strong>Universidad Polit\u00e9cnica de las Marcas<\/strong> con el <strong>IX Congreso Nacional del Observatorio sobre las Crisis Empresariales<\/strong>. <strong>Gobid Group<\/strong> es el patrocinador oficial del evento.<\/p>\n\n\n\n<p>El <strong>15 de julio de 2022<\/strong> marc\u00f3 la entrada en vigor del <strong>C\u00f3digo de la Crisis<\/strong>, hace poco m\u00e1s de un a\u00f1o, tras los \u00faltimos ajustes normativos derivados de la transposici\u00f3n de la <strong>Directiva de Restructuraci\u00f3n (Directiva UE 2019\/1023 del 20 de junio de 2019)<\/strong>. La atenci\u00f3n de los int\u00e9rpretes se ha centrado en las nuevas disposiciones relativas a los instrumentos de regulaci\u00f3n de la crisis (con rasgos de continuidad respecto a instituciones ya conocidas, como el concurso preventivo y los <strong>ADR<\/strong>, y nuevas instituciones como el <strong>plan de reestructuraci\u00f3n sujeto a homologaci\u00f3n<\/strong>). La nueva propuesta de Directiva (llamada <strong>Insolvency<\/strong>) tiene como objetivo introducir normas de armonizaci\u00f3n en materia de regulaci\u00f3n de la insolvencia y se inserta en el debate sobre las nuevas normas y las primeras aplicaciones jurisprudenciales. El impacto de la directiva, una vez aprobada, podr\u00eda ser &#8220;disruptivo&#8221; en el marco del derecho concursal interno, &#8220;reci\u00e9n salido de una larga, elaborada (y varias veces modificada) reforma&#8221;.<\/p>\n\n\n\n<p>En <strong>Ancona<\/strong>, los d\u00edas <strong>13 y 14 de octubre de 2023<\/strong>, se abordar\u00e1 el tema de las <strong>liquidaciones concursuales<\/strong>. Tras una introducci\u00f3n sobre las novedades de la Directiva Insolvency, durante la primera sesi\u00f3n del congreso se tratar\u00e1 el tema de las <strong>ventas preconcurso y concordato<\/strong>, mientras que los procedimientos de <strong>liquidaci\u00f3n judicial y liquidaci\u00f3n controlada<\/strong> ser\u00e1n el tema central de la segunda jornada.<\/p>\n\n\n\n<h3 class=\"wp-block-heading\">Programa de las jornadas:<\/h3>\n\n\n\n<h4 class=\"wp-block-heading\"><strong>INTERVENCIONES DEL VIERNES 13 DE OCTUBRE:<\/strong><\/h4>\n\n\n\n<ul>\n<li>14:30: Apertura de los trabajos con <strong>Stefano Staffolani<\/strong>, Decano de la Facultad de Econom\u00eda.<\/li>\n\n\n\n<li>14:30: <strong>Gian Luca Gregori<\/strong>, Rector de la <strong>UNIVPM<\/strong>, <strong>Luigi Antonio Catelli<\/strong>, Presidente del Tribunal de Apelaci\u00f3n de las Marcas, <strong>Edi Ragaglia<\/strong>, Presidente del Tribunal de Ancona, <strong>Camillo Catana Vallemani<\/strong>, Presidente del Colegio de Dottori Commercialisti y Esperti Contabili de Ancona, <strong>Gianni Marasca<\/strong>, Presidente del Colegio de Abogados de Ancona, <strong>Roberto Di Iulio<\/strong>, Presidente del Colegio de Consultores del Trabajo de Ancona, <strong>Pietro Ciarletta<\/strong>, Presidente del Consejo Notarial de Ancona.<\/li>\n\n\n\n<li>15:00: Inicio de los trabajos &#8211; &#8220;Las liquidaciones en la Propuesta de Directiva Insolvency III&#8221;. Interviene <strong>Massimo Ferro<\/strong>, Presidente de Secci\u00f3n de la Corte de Casaci\u00f3n.<\/li>\n\n\n\n<li>16:00: I SESI\u00d3N &#8211; &#8220;Las liquidaciones preconcurso y las liquidaciones concordadas&#8221;. Interviene <strong>Antonino La Malfa<\/strong>, Presidente de Secci\u00f3n del Tribunal de Ancona.<\/li>\n\n\n\n<li>19:00: Cierre de los trabajos.<\/li>\n<\/ul>\n\n\n\n<figure class=\"wp-block-image size-large is-resized\"><img loading=\"lazy\" decoding=\"async\" width=\"1024\" height=\"390\" src=\"https:\/\/dev.gobidgroup.com\/wp-content\/uploads\/2023\/10\/32228929411_ed1c4f2b0e_k-hd-enhance-2x-1024x390.jpeg\" alt=\"\" class=\"wp-image-101176\" style=\"width:1164px;height:undefinedpx\" srcset=\"https:\/\/dev.gobidgroup.com\/wp-content\/uploads\/2023\/10\/32228929411_ed1c4f2b0e_k-hd-enhance-2x-1024x390.jpeg 1024w, https:\/\/dev.gobidgroup.com\/wp-content\/uploads\/2023\/10\/32228929411_ed1c4f2b0e_k-hd-enhance-2x-300x114.jpeg 300w, https:\/\/dev.gobidgroup.com\/wp-content\/uploads\/2023\/10\/32228929411_ed1c4f2b0e_k-hd-enhance-2x-768x292.jpeg 768w, https:\/\/dev.gobidgroup.com\/wp-content\/uploads\/2023\/10\/32228929411_ed1c4f2b0e_k-hd-enhance-2x-1536x585.jpeg 1536w, https:\/\/dev.gobidgroup.com\/wp-content\/uploads\/2023\/10\/32228929411_ed1c4f2b0e_k-hd-enhance-2x-2048x780.jpeg 2048w\" sizes=\"(max-width: 1024px) 100vw, 1024px\" \/><\/figure>\n\n\n\n<h4 class=\"wp-block-heading\"><strong>LAS INTERVENCIONES DEL S\u00c1BADO 14 DE OCTUBRE:<\/strong><\/h4>\n\n\n\n<ul>\n<li>09:30 &#8211; II SESI\u00d3N: La liquidaci\u00f3n en los procedimientos de liquidaci\u00f3n judicial y liquidaci\u00f3n controlada. Intervendr\u00e1n: <strong>Giovanni Di Giorgio<\/strong> &#8211; Juez Delegado del Tribunal de N\u00e1poles Norte, <strong>Bianca Ferramosca<\/strong> &#8211; Presidenta de Secci\u00f3n del Tribunal de Roma, <strong>Maria Letizia Mantovani<\/strong> &#8211; Jueza Delegada del Tribunal de Ancona, <strong>Eduardo Savarese<\/strong> &#8211; Juez Delegado del Tribunal de N\u00e1poles, <strong>Irene Scordamaglia<\/strong> &#8211; Consejera de la Corte de Casaci\u00f3n.<\/li>\n<\/ul>\n","protected":false},"excerpt":{"rendered":"<p>Los d\u00edas 13 y 14 de octubre, cita en la Facultad de Econom\u00eda de Ancona para la conferencia dedicada a las liquidaciones de insolvencia en el c\u00f3digo de crisis.<\/p>\n","protected":false},"author":13,"featured_media":101183,"comment_status":"open","ping_status":"open","sticky":false,"template":"","format":"standard","meta":{"_seopress_robots_primary_cat":"none","om_disable_all_campaigns":false,"_monsterinsights_skip_tracking":false,"_monsterinsights_sitenote_active":false,"_monsterinsights_sitenote_note":"","_monsterinsights_sitenote_category":0,"_uf_show_specific_survey":0,"_uf_disable_surveys":false,"footnotes":""},"categories":[436],"tags":[],"aioseo_notices":[],"_links":{"self":[{"href":"https:\/\/dev.gobidgroup.com\/es\/wp-json\/wp\/v2\/posts\/109065"}],"collection":[{"href":"https:\/\/dev.gobidgroup.com\/es\/wp-json\/wp\/v2\/posts"}],"about":[{"href":"https:\/\/dev.gobidgroup.com\/es\/wp-json\/wp\/v2\/types\/post"}],"author":[{"embeddable":true,"href":"https:\/\/dev.gobidgroup.com\/es\/wp-json\/wp\/v2\/users\/13"}],"replies":[{"embeddable":true,"href":"https:\/\/dev.gobidgroup.com\/es\/wp-json\/wp\/v2\/comments?post=109065"}],"version-history":[{"count":1,"href":"https:\/\/dev.gobidgroup.com\/es\/wp-json\/wp\/v2\/posts\/109065\/revisions"}],"predecessor-version":[{"id":109068,"href":"https:\/\/dev.gobidgroup.com\/es\/wp-json\/wp\/v2\/posts\/109065\/revisions\/109068"}],"wp:featuredmedia":[{"embeddable":true,"href":"https:\/\/dev.gobidgroup.com\/es\/wp-json\/wp\/v2\/media\/101183"}],"wp:attachment":[{"href":"https:\/\/dev.gobidgroup.com\/es\/wp-json\/wp\/v2\/media?parent=109065"}],"wp:term":[{"taxonomy":"category","embeddable":true,"href":"https:\/\/dev.gobidgroup.com\/es\/wp-json\/wp\/v2\/categories?post=109065"},{"taxonomy":"post_tag","embeddable":true,"href":"https:\/\/dev.gobidgroup.com\/es\/wp-json\/wp\/v2\/tags?post=109065"}],"curies":[{"name":"wp","href":"https:\/\/api.w.org\/{rel}","templated":true}]}}