{"id":109050,"date":"2023-11-17T10:35:38","date_gmt":"2023-11-17T08:35:38","guid":{"rendered":"https:\/\/dev.gobidgroup.com\/?p=109050"},"modified":"2025-02-14T10:37:05","modified_gmt":"2025-02-14T08:37:05","slug":"medidas-de-proteccion-y-precaucion-en-los-ccii-la-conferencia-s-i-s-c-o-en-cesenatico","status":"publish","type":"post","link":"https:\/\/dev.gobidgroup.com\/es\/medidas-de-proteccion-y-precaucion-en-los-ccii-la-conferencia-s-i-s-c-o-en-cesenatico\/","title":{"rendered":"Medidas de protecci\u00f3n y precauci\u00f3n en los CCII: La Conferencia S.I.S.C.O. en Cesenatico"},"content":{"rendered":"\n<p><strong>El 17 y 18 de noviembre<\/strong>, cita en&nbsp;<strong>Cesenatico (FC)<\/strong>&nbsp;con el congreso&nbsp;<strong>&#8220;Las medidas protectoras y cautelares en el C\u00f3digo de la crisis empresarial y de la insolvencia&#8221;<\/strong>, que cuenta con&nbsp;<strong>Gobid Group<\/strong>&nbsp;como patrocinador oficial. El lugar del evento es el&nbsp;<strong>Grand Hotel Da Vinci<\/strong>, en&nbsp;<strong>Via Carducci 7<\/strong>. El congreso est\u00e1 organizado por&nbsp;<strong>S.I.S.C.O. Societ\u00e0 Italiana di Studi Concorsuali<\/strong>, en colaboraci\u00f3n con el&nbsp;<strong>Colegio de Abogados de Forl\u00ec-Cesena<\/strong>&nbsp;y el&nbsp;<strong>Colegio de Dottori Commercialisti y Esperti Contabili de Forl\u00ec<\/strong>.<\/p>\n\n\n\n<p>Ser\u00e1n dos d\u00edas dedicados por completo a&nbsp;<strong>administradores concursales, liquidadores judiciales<\/strong>&nbsp;y a todos los&nbsp;<strong>profesionales<\/strong>&nbsp;encargados de la liquidaci\u00f3n de bienes en el \u00e1mbito de los procedimientos concursales y la gesti\u00f3n de crisis empresariales. Se abordar\u00e1n los temas m\u00e1s &#8220;candentes&#8221; del momento, como las&nbsp;<strong>medidas protectoras y cautelares<\/strong>&nbsp;en la&nbsp;<strong>composici\u00f3n negociada de la crisis<\/strong>, en el&nbsp;<strong>concurso simplificado y preventivo<\/strong>&nbsp;y en la&nbsp;<strong>liquidaci\u00f3n judicial<\/strong>.<\/p>\n\n\n\n<h3 class=\"wp-block-heading\">A continuaci\u00f3n, el programa del congreso:<\/h3>\n\n\n\n<h4 class=\"wp-block-heading\"><strong>VIERNES 17 DE NOVIEMBRE:<\/strong><\/h4>\n\n\n\n<ul>\n<li>10:15:\u00a0Saludo a los participantes. Intervienen el\u00a0<strong>Prof. Abog. Angelo Castagnola<\/strong>, Catedr\u00e1tico de Derecho de la crisis empresarial y de la insolvencia en la Universidad de Mil\u00e1n y Presidente de\u00a0<strong>S.I.S.C.O.<\/strong>; el\u00a0<strong>Abog. Luca Porfiri<\/strong>, Presidente del Colegio de Abogados de Forl\u00ec-Cesena; y el\u00a0<strong>Dr. Pier Domenico Ricci<\/strong>, Presidente del Colegio de Dottori Commercialisti y Esperti Contabili de Forl\u00ec.<\/li>\n\n\n\n<li>10:30:\u00a0Apertura de los trabajos. Preside el\u00a0<strong>Prof. Abog. Angelo Castagnola<\/strong>. La ponencia introductoria estar\u00e1 a cargo de la\u00a0<strong>Prof. Abog. Ilaria Pagni<\/strong>, Catedr\u00e1tica de Derecho procesal civil en la Universidad de Florencia y Presidenta de la Comisi\u00f3n para la elaboraci\u00f3n de propuestas de intervenciones en el C\u00f3digo de la crisis empresarial y de la insolvencia.<\/li>\n\n\n\n<li>11:45:\u00a0&#8220;Medidas protectoras y cautelares y procedimiento unitario&#8221;. Interviene la\u00a0<strong>Prof. Abog. Laura Baccaglini<\/strong>, Catedr\u00e1tica de Derecho procesal civil en la Universidad de Trento.<\/li>\n\n\n\n<li><strong>1<\/strong>4:30:\u00a0Reanudaci\u00f3n de los trabajos. Preside el\u00a0<strong>Prof. Abog. Roberto Sacchi<\/strong>, ex Catedr\u00e1tico de Derecho mercantil en la Universidad de Mil\u00e1n. El tema tratado ser\u00e1\u00a0<strong>&#8220;Las medidas protectoras y cautelares en la composici\u00f3n negociada de la crisis&#8221;<\/strong>. Interviene el\u00a0<strong>Dr. Francesco Pipicelli<\/strong>, Magistrado del Tribunal de Mil\u00e1n.<\/li>\n\n\n\n<li>15:15:\u00a0&#8220;Las medidas protectoras y cautelares en el concurso simplificado y preventivo (y en el plan de reestructuraci\u00f3n sujeto a homologaci\u00f3n)&#8221;. Ponente, el\u00a0<strong>Dr. Alessandro Farolfi<\/strong>, Magistrado adscrito a la Oficina del Maximalario de la Corte de Casaci\u00f3n.<\/li>\n\n\n\n<li>16:30:\u00a0&#8220;Las medidas protectoras y cautelares en los acuerdos de reestructuraci\u00f3n de deudas&#8221;. Ponente, la\u00a0<strong>Dra. Silvia Rossi<\/strong>, Magistrada del Tribunal de R\u00edmini.<\/li>\n\n\n\n<li>17:15:\u00a0&#8220;Las medidas protectoras y cautelares en la liquidaci\u00f3n judicial&#8221;. Interviene el\u00a0<strong>Dr. Sergio Rossetti<\/strong>, Magistrado del Tribunal de Mil\u00e1n.<\/li>\n\n\n\n<li>Hora 18:00:\u00a0Cierre de los trabajos.<\/li>\n<\/ul>\n\n\n\n<h4 class=\"wp-block-heading\"><strong>S\u00c1BADO 18 DE NOVIEMBRE:<\/strong><\/h4>\n\n\n\n<ul>\n<li>10:00:\u00a0Mesa redonda, presidida por la\u00a0<strong>Dra. Alida Paluchowski<\/strong>, ex Magistrada del Tribunal de Mil\u00e1n y Vicepresidenta de\u00a0<strong>S.I.S.C.O.<\/strong>. Los ponentes ser\u00e1n el\u00a0<strong>Prof. Abog. Danilo Galletti<\/strong>, Catedr\u00e1tico de Derecho mercantil en la Universidad de Trento; el\u00a0<strong>Abog. Astorre Mancini<\/strong>, Abogado en R\u00edmini; el\u00a0<strong>Dr. Luca Mandrioli<\/strong>, Dottore Commercialista en M\u00f3dena; la\u00a0<strong>Dra. Francesca Miconi<\/strong>, Presidenta del Tribunal de R\u00edmini; y la\u00a0<strong>Dra. Chiara Ruffini<\/strong>, Dottore Commercialista en R\u00e1vena.<\/li>\n\n\n\n<li>13:00:\u00a0Cierre de los trabajos.<\/li>\n<\/ul>\n\n\n\n<p>Descarga\u00a0<a href=\"https:\/\/www.sisco.org\/wp-content\/uploads\/2023\/09\/locandina-novembre-2023.pdf\" title=\"\">aqu\u00ed<\/a> el cartel del evento.<\/p>\n","protected":false},"excerpt":{"rendered":"<p>Los d\u00edas 17 y 18 de noviembre, cita en Cesenatico (FC) con la conferencia &#8220;Medidas protectoras y cautelares en el C\u00f3digo de crisis e insolvencia empresarial&#8221; que cuenta con el Grupo Gobid como patrocinador oficial<\/p>\n","protected":false},"author":13,"featured_media":102431,"comment_status":"open","ping_status":"open","sticky":false,"template":"","format":"standard","meta":{"_seopress_robots_primary_cat":"none","om_disable_all_campaigns":false,"_monsterinsights_skip_tracking":false,"_monsterinsights_sitenote_active":false,"_monsterinsights_sitenote_note":"","_monsterinsights_sitenote_category":0,"_uf_show_specific_survey":0,"_uf_disable_surveys":false,"footnotes":""},"categories":[442,445,436],"tags":[469],"aioseo_notices":[],"_links":{"self":[{"href":"https:\/\/dev.gobidgroup.com\/es\/wp-json\/wp\/v2\/posts\/109050"}],"collection":[{"href":"https:\/\/dev.gobidgroup.com\/es\/wp-json\/wp\/v2\/posts"}],"about":[{"href":"https:\/\/dev.gobidgroup.com\/es\/wp-json\/wp\/v2\/types\/post"}],"author":[{"embeddable":true,"href":"https:\/\/dev.gobidgroup.com\/es\/wp-json\/wp\/v2\/users\/13"}],"replies":[{"embeddable":true,"href":"https:\/\/dev.gobidgroup.com\/es\/wp-json\/wp\/v2\/comments?post=109050"}],"version-history":[{"count":1,"href":"https:\/\/dev.gobidgroup.com\/es\/wp-json\/wp\/v2\/posts\/109050\/revisions"}],"predecessor-version":[{"id":109053,"href":"https:\/\/dev.gobidgroup.com\/es\/wp-json\/wp\/v2\/posts\/109050\/revisions\/109053"}],"wp:featuredmedia":[{"embeddable":true,"href":"https:\/\/dev.gobidgroup.com\/es\/wp-json\/wp\/v2\/media\/102431"}],"wp:attachment":[{"href":"https:\/\/dev.gobidgroup.com\/es\/wp-json\/wp\/v2\/media?parent=109050"}],"wp:term":[{"taxonomy":"category","embeddable":true,"href":"https:\/\/dev.gobidgroup.com\/es\/wp-json\/wp\/v2\/categories?post=109050"},{"taxonomy":"post_tag","embeddable":true,"href":"https:\/\/dev.gobidgroup.com\/es\/wp-json\/wp\/v2\/tags?post=109050"}],"curies":[{"name":"wp","href":"https:\/\/api.w.org\/{rel}","templated":true}]}}