{"id":109045,"date":"2023-11-24T13:53:35","date_gmt":"2023-11-24T11:53:35","guid":{"rendered":"https:\/\/dev.gobidgroup.com\/?p=109045"},"modified":"2025-02-14T10:35:57","modified_gmt":"2025-02-14T08:35:57","slug":"el-codigo-de-crisis-entre-viejos-y-nuevos-problemas-la-xxx-conferencia-nacional-en-alba","status":"publish","type":"post","link":"https:\/\/dev.gobidgroup.com\/es\/el-codigo-de-crisis-entre-viejos-y-nuevos-problemas-la-xxx-conferencia-nacional-en-alba\/","title":{"rendered":"El c\u00f3digo de crisis entre viejos y nuevos problemas: la XXX conferencia nacional en Alba"},"content":{"rendered":"\n<p>Vuelve el <strong>Congreso Nacional de Estudios<\/strong> organizado por la <strong>Asociaci\u00f3n Albese &#8211; Estudios de Derecho Comercial<\/strong>. Este a\u00f1o, el evento celebra su <strong>XXX edici\u00f3n<\/strong>, un hito importante para la asociaci\u00f3n piamontesa, que cada a\u00f1o re\u00fane a los <strong>m\u00e1ximos expertos en crisis empresarial<\/strong>, profesionales del mundo jur\u00eddico y acad\u00e9mico. <strong>Gobid Group<\/strong> ser\u00e1, por primera vez, <strong>patrocinador oficial del evento<\/strong>. La cita es el <strong>24 y 25 de noviembre en el Auditorio Ferrero en Alba (CN)<\/strong>.<\/p>\n\n\n\n<p>El tema del congreso ser\u00e1 <strong>uno de los m\u00e1s debatidos en el \u00e1mbito jur\u00eddico y empresarial actual<\/strong>:<br><strong>&#8220;Crisis, empresarios y responsabilidad: el c\u00f3digo de crisis entre viejos y nuevos problemas&#8221;<\/strong>.<\/p>\n\n\n\n<h3 class=\"wp-block-heading\">Programa de las dos jornadas:<\/h3>\n\n\n\n<h4 class=\"wp-block-heading\">VIERNES 24 DE NOVIEMBRE<\/h4>\n\n\n\n<ul>\n<li>16:30: &#8220;Los 30 a\u00f1os del Congreso de Alba&#8221;. Intervendr\u00e1n el <strong>Dr. Luciano Panzani<\/strong>, el <strong>Abg. Teodoro Bubbio<\/strong> y el <strong>Abg. Prof. Antonio Caiafa<\/strong>.<\/li>\n\n\n\n<li>16:45: &#8220;Presentaci\u00f3n del volumen de Escritos en honor del Abg. Prof. Gino Cavalli&#8221;. Relator: <strong>Abg. Prof. Oreste Cagnasso<\/strong>.<\/li>\n\n\n\n<li>17:15: &#8220;La cobertura aseguradora de los gastos profesionales por riesgo de insolvencia&#8221;. Intervendr\u00e1n el <strong>Abg. Prof. Lorenzo Stanghellini<\/strong> y la <strong>Abg. Monica Marcucci<\/strong>.<\/li>\n\n\n\n<li>17:45: Concierto del Maestro Michele Campanella.<\/li>\n<\/ul>\n\n\n\n<h4 class=\"wp-block-heading\">S\u00c1BADO 25 DE NOVIEMBRE<\/h4>\n\n\n\n<ul>\n<li>09:00: Saludos institucionales del <strong>Dr. Carlo Bo<\/strong>, Alcalde de Alba; del <strong>Abg. Alberto Cirio<\/strong>, Presidente de la Regi\u00f3n Piamonte; del <strong>Prof. Dr. Elbano De Nuccio<\/strong> y del <strong>Abg. Francesco Greco<\/strong>.<\/li>\n\n\n\n<li>09:15: Apertura de los trabajos a cargo del <strong>Abg. Prof. Gino Cavalli<\/strong>.<\/li>\n\n\n\n<li>09:30: Relaci\u00f3n introductoria a cargo del <strong>Dr. Luciano Panzani<\/strong>.<\/li>\n\n\n\n<li>10:00: &#8220;Inflaci\u00f3n, efectos &#8216;reales&#8217; del alza de tasas y nuevas pol\u00edticas presupuestarias&#8221;. Protagonistas: <strong>Dr. Gregorio De Felice<\/strong> y <strong>Prof. Marcello Messori<\/strong>. A continuaci\u00f3n, el <strong>Dr. Giacomo Rodano<\/strong> abordar\u00e1 el <strong>escenario de referencia del tema<\/strong>.<\/li>\n\n\n\n<li>11:00: &#8220;Cross Class Cram Down &#8211; Experiencias europeas e italianas en comparaci\u00f3n&#8221;. Relatores: <strong>Abg. Giorgio Corno, Prof. Dr. Stephan Madaus y Abg. Robert Van Galen<\/strong>.<\/li>\n\n\n\n<li>11:45: &#8220;Rutas de recuperaci\u00f3n: Las alternativas del c\u00f3digo y las exigencias del mercado&#8221;. Coordina: <strong>Abg. Prof. Niccol\u00f2 Abriani<\/strong>. Intervienen: <strong>Abg. Antonio Matonti, Dra. Laura De Simone, Abg. Prof. Ilaria Pagni, Dra. Lucia De Bernardin, Abg. Giovanna Callegari y Abg. Prof. Oreste Cagnasso<\/strong>.<\/li>\n\n\n\n<li>12:45: &#8220;C\u00f3digo de crisis y sociedades de titularidad p\u00fablica&#8221;. A cargo del <strong>Dr. Davide Di Russo y Prof. Bernardo Giorgio Mattarella<\/strong>.<\/li>\n\n\n\n<li>13:30: Conclusiones de la ma\u00f1ana a cargo del <strong>Prof. Dr. Elbano De Nuccio y Sen. Francesco Paolo Sisto<\/strong>.<\/li>\n\n\n\n<li>15:00: El \u00e1mbito penal. Relatores: <strong>Abg. Prof. Renato Bricchetti y Sen. Francesco Paolo Sisto<\/strong>.<\/li>\n\n\n\n<li>16:30: Eficiencia y mercado: los tiempos de la justicia. Coordina: <strong>Abg. Prof. Stefania Pacchi<\/strong>. Intervendr\u00e1n: <strong>Dr. Giuseppe Fichera, Dr. Sandro Pettinato, Dr. Paolo Rinaldi y Dr. Giovanni Colmayer<\/strong>.<\/li>\n<\/ul>\n\n\n\n<p>Descarga <a href=\"https:\/\/www.associazionealbesestudidirittocommerciale.it\/pdf\/manifesto-09nov-IT.pdf\" title=\"\">aqu\u00ed <\/a>la locandina del evento.<\/p>\n","protected":false},"excerpt":{"rendered":"<p>Por primer a\u00f1o, el Grupo Gobid ser\u00e1 el patrocinador oficial de la Conferencia Nacional en Alba, organizada por la Asociaci\u00f3n de Estudios de Derecho Comercial de Albese los d\u00edas 24 y 25 de noviembre.<\/p>\n","protected":false},"author":13,"featured_media":102439,"comment_status":"open","ping_status":"open","sticky":false,"template":"","format":"standard","meta":{"_seopress_robots_primary_cat":"none","om_disable_all_campaigns":false,"_monsterinsights_skip_tracking":false,"_monsterinsights_sitenote_active":false,"_monsterinsights_sitenote_note":"","_monsterinsights_sitenote_category":0,"_uf_show_specific_survey":0,"_uf_disable_surveys":false,"footnotes":""},"categories":[442,445,436],"tags":[],"aioseo_notices":[],"_links":{"self":[{"href":"https:\/\/dev.gobidgroup.com\/es\/wp-json\/wp\/v2\/posts\/109045"}],"collection":[{"href":"https:\/\/dev.gobidgroup.com\/es\/wp-json\/wp\/v2\/posts"}],"about":[{"href":"https:\/\/dev.gobidgroup.com\/es\/wp-json\/wp\/v2\/types\/post"}],"author":[{"embeddable":true,"href":"https:\/\/dev.gobidgroup.com\/es\/wp-json\/wp\/v2\/users\/13"}],"replies":[{"embeddable":true,"href":"https:\/\/dev.gobidgroup.com\/es\/wp-json\/wp\/v2\/comments?post=109045"}],"version-history":[{"count":2,"href":"https:\/\/dev.gobidgroup.com\/es\/wp-json\/wp\/v2\/posts\/109045\/revisions"}],"predecessor-version":[{"id":109327,"href":"https:\/\/dev.gobidgroup.com\/es\/wp-json\/wp\/v2\/posts\/109045\/revisions\/109327"}],"wp:featuredmedia":[{"embeddable":true,"href":"https:\/\/dev.gobidgroup.com\/es\/wp-json\/wp\/v2\/media\/102439"}],"wp:attachment":[{"href":"https:\/\/dev.gobidgroup.com\/es\/wp-json\/wp\/v2\/media?parent=109045"}],"wp:term":[{"taxonomy":"category","embeddable":true,"href":"https:\/\/dev.gobidgroup.com\/es\/wp-json\/wp\/v2\/categories?post=109045"},{"taxonomy":"post_tag","embeddable":true,"href":"https:\/\/dev.gobidgroup.com\/es\/wp-json\/wp\/v2\/tags?post=109045"}],"curies":[{"name":"wp","href":"https:\/\/api.w.org\/{rel}","templated":true}]}}