{"id":108985,"date":"2023-12-22T11:21:53","date_gmt":"2023-12-22T09:21:53","guid":{"rendered":"https:\/\/dev.gobidgroup.com\/?p=108985"},"modified":"2025-02-13T11:23:15","modified_gmt":"2025-02-13T09:23:15","slug":"un-ano-de-conferencias-en-toda-italia-para-el-grupo-gobid","status":"publish","type":"post","link":"https:\/\/dev.gobidgroup.com\/es\/un-ano-de-conferencias-en-toda-italia-para-el-grupo-gobid\/","title":{"rendered":"Un a\u00f1o de conferencias en toda Italia para el Grupo Gobid"},"content":{"rendered":"\n<p>El evento organizado en <strong>Ferrara<\/strong> por la <strong>A.P.R.I. \u2013 Asociaci\u00f3n de Profesionales para la Recuperaci\u00f3n de Empresas<\/strong> cerr\u00f3 un a\u00f1o muy intenso para <strong>Gobid Group<\/strong>, en lo que respecta a su actividad de apoyo a los congresos nacionales dedicados a los profesionales.<\/p>\n\n\n\n<p>El <strong>27 y 28 de noviembre en Ferrara<\/strong>, en la sede del <strong>ridotto del Teatro Comunale<\/strong>, <strong>docentes y profesionales del \u00e1mbito jur\u00eddico y econ\u00f3mico<\/strong> de toda Italia abordaron el tema <strong>&#8220;La protecci\u00f3n del inter\u00e9s en la continuidad empresarial con una adecuada organizaci\u00f3n&#8221;<\/strong>. <strong>Gobid Group<\/strong> fue <strong>partner del evento<\/strong>, que involucr\u00f3 a <strong>empresarios, administradores y gerentes de empresa, funcionarios bancarios, profesionales jur\u00eddicos y econ\u00f3micos, as\u00ed como estudiantes universitarios<\/strong>.<\/p>\n\n\n\n<p>Pero hagamos un repaso de estos <strong>12 meses de intensa actividad<\/strong> relacionada con los congresos en todo el territorio nacional. Han sido <strong>27 eventos formativos<\/strong>, con un total de <strong>54 jornadas de profundizaci\u00f3n<\/strong>, en las que nuestro Grupo ha participado <strong>como patrocinador y, al mismo tiempo, como partner especializado<\/strong> junto a los profesionales del mundo judicial y financiero.<\/p>\n\n\n\n<p>De <strong>Mil\u00e1n a Siracusa<\/strong>, nuestro equipo ha tenido el honor de conocer a <strong>aproximadamente 6.500 distinguidos profesionales<\/strong>, no solo del mundo de las <strong>procedimientos concursales y ejecuciones inmobiliarias<\/strong>, abordando los temas m\u00e1s relevantes del momento relacionados con las <strong>novedades introducidas por la reforma Cartabia y el C\u00f3digo de Crisis<\/strong>, sino tambi\u00e9n del \u00e1mbito financiero de los <strong>NPL<\/strong>.<\/p>\n\n\n\n<p>El <strong>Norte de Italia<\/strong> se confirma como la regi\u00f3n m\u00e1s activa en la organizaci\u00f3n de congresos de alcance nacional, seguida del <strong>Centro de Italia<\/strong>, y del <strong>Sur<\/strong>, que en los \u00faltimos a\u00f1os ha experimentado un <strong>crecimiento constante en las oportunidades de formaci\u00f3n e intercambio profesional<\/strong>.<\/p>\n\n\n\n<figure class=\"wp-block-gallery has-nested-images columns-default is-cropped wp-block-gallery-1 is-layout-flex wp-block-gallery-is-layout-flex\">\n<figure class=\"wp-block-image size-large\"><img loading=\"lazy\" decoding=\"async\" width=\"1024\" height=\"768\" data-id=\"103191\" src=\"https:\/\/dev.gobidgroup.com\/wp-content\/uploads\/2023\/12\/WhatsApp-Image-2023-11-17-at-10.46.37-1-1024x768.jpeg\" alt=\"Gobid Group: convegno\" class=\"wp-image-103191\" srcset=\"https:\/\/dev.gobidgroup.com\/wp-content\/uploads\/2023\/12\/WhatsApp-Image-2023-11-17-at-10.46.37-1-1024x768.jpeg 1024w, https:\/\/dev.gobidgroup.com\/wp-content\/uploads\/2023\/12\/WhatsApp-Image-2023-11-17-at-10.46.37-1-300x225.jpeg 300w, https:\/\/dev.gobidgroup.com\/wp-content\/uploads\/2023\/12\/WhatsApp-Image-2023-11-17-at-10.46.37-1-768x576.jpeg 768w, https:\/\/dev.gobidgroup.com\/wp-content\/uploads\/2023\/12\/WhatsApp-Image-2023-11-17-at-10.46.37-1-1536x1152.jpeg 1536w, https:\/\/dev.gobidgroup.com\/wp-content\/uploads\/2023\/12\/WhatsApp-Image-2023-11-17-at-10.46.37-1.jpeg 2000w\" sizes=\"(max-width: 1024px) 100vw, 1024px\" \/><\/figure>\n\n\n\n<figure class=\"wp-block-image size-large\"><img loading=\"lazy\" decoding=\"async\" width=\"1024\" height=\"768\" data-id=\"103197\" src=\"https:\/\/dev.gobidgroup.com\/wp-content\/uploads\/2023\/12\/WhatsApp-Image-2023-11-17-at-10.46.36-1-1024x768.jpeg\" alt=\"Cesenatico: crisi d'impresa\" class=\"wp-image-103197\" srcset=\"https:\/\/dev.gobidgroup.com\/wp-content\/uploads\/2023\/12\/WhatsApp-Image-2023-11-17-at-10.46.36-1-1024x768.jpeg 1024w, https:\/\/dev.gobidgroup.com\/wp-content\/uploads\/2023\/12\/WhatsApp-Image-2023-11-17-at-10.46.36-1-300x225.jpeg 300w, https:\/\/dev.gobidgroup.com\/wp-content\/uploads\/2023\/12\/WhatsApp-Image-2023-11-17-at-10.46.36-1-768x576.jpeg 768w, https:\/\/dev.gobidgroup.com\/wp-content\/uploads\/2023\/12\/WhatsApp-Image-2023-11-17-at-10.46.36-1-1536x1152.jpeg 1536w, https:\/\/dev.gobidgroup.com\/wp-content\/uploads\/2023\/12\/WhatsApp-Image-2023-11-17-at-10.46.36-1.jpeg 2000w\" sizes=\"(max-width: 1024px) 100vw, 1024px\" \/><\/figure>\n<\/figure>\n\n\n\n<p>A un a\u00f1o de la introducci\u00f3n de la reforma, la <strong>divulgaci\u00f3n cient\u00edfica<\/strong> en los congresos se ha vuelto cada vez m\u00e1s espec\u00edfica, pasando de las principales novedades a la profundizaci\u00f3n del <strong>C\u00f3digo de la Crisis de Empresa y de la Insolvencia<\/strong> en relaci\u00f3n con:<\/p>\n\n\n\n<h3 class=\"wp-block-heading\"><strong>PROCEDIMIENTOS CONCURSALES<\/strong>, los temas abordados han sido:<\/h3>\n\n\n\n<ul>\n<li>El rol de los \u00f3rganos en los procedimientos de crisis de empresa.<\/li>\n\n\n\n<li>Las relaciones entre la Fiscal\u00eda, Tribunales y \u00d3rganos del Procedimiento.<\/li>\n\n\n\n<li>El tratamiento de los acreedores.<\/li>\n\n\n\n<li>Los delitos concursales.<\/li>\n\n\n\n<li>La exoneraci\u00f3n de deudas.<\/li>\n\n\n\n<li>Las liquidaciones concursales.<\/li>\n\n\n\n<li>El papel del Contador P\u00fablico en la crisis de empresa.<\/li>\n\n\n\n<li>Las medidas protectoras y cautelares.<\/li>\n\n\n\n<li>Los acuerdos de reestructuraci\u00f3n de deudas.<\/li>\n\n\n\n<li>El concordato preventivo liquidatorio simplificado.<\/li>\n\n\n\n<li>El procedimiento unitario y la liquidaci\u00f3n judicial.<\/li>\n<\/ul>\n\n\n\n<h3 class=\"wp-block-heading\"><strong>CRISIS DE EMPRESA<\/strong>, con enfoque en:<\/h3>\n\n\n\n<ul>\n<li>C\u00f3mo iniciar la Composici\u00f3n Negociada de la Crisis de Empresa.<\/li>\n\n\n\n<li>Los contratos de recuperaci\u00f3n de la empresa en crisis.<\/li>\n\n\n\n<li>El rol del Banco en la composici\u00f3n negociada.<\/li>\n\n\n\n<li>Crisis econ\u00f3mica, protecci\u00f3n de la empresa y del empleo.<\/li>\n<\/ul>\n\n\n\n<figure class=\"wp-block-gallery has-nested-images columns-default is-cropped wp-block-gallery-2 is-layout-flex wp-block-gallery-is-layout-flex\">\n<figure class=\"wp-block-image size-full\"><img loading=\"lazy\" decoding=\"async\" width=\"768\" height=\"1024\" data-id=\"103243\" src=\"https:\/\/dev.gobidgroup.com\/wp-content\/uploads\/2023\/12\/Convegno_Ancona_Ottobre2023_12.jpeg\" alt=\"Ancona: le liquidazioni concorsuali nel codice della crisi\" class=\"wp-image-103243\" srcset=\"https:\/\/dev.gobidgroup.com\/wp-content\/uploads\/2023\/12\/Convegno_Ancona_Ottobre2023_12.jpeg 768w, https:\/\/dev.gobidgroup.com\/wp-content\/uploads\/2023\/12\/Convegno_Ancona_Ottobre2023_12-225x300.jpeg 225w\" sizes=\"(max-width: 768px) 100vw, 768px\" \/><\/figure>\n\n\n\n<figure class=\"wp-block-image size-large\"><img loading=\"lazy\" decoding=\"async\" width=\"768\" height=\"1024\" data-id=\"103201\" src=\"https:\/\/dev.gobidgroup.com\/wp-content\/uploads\/2023\/12\/Convegno_SanServolo_3-768x1024.jpeg\" alt=\"Gobid Group: convegno esecuzioni immobiliari\" class=\"wp-image-103201\" srcset=\"https:\/\/dev.gobidgroup.com\/wp-content\/uploads\/2023\/12\/Convegno_SanServolo_3-768x1024.jpeg 768w, https:\/\/dev.gobidgroup.com\/wp-content\/uploads\/2023\/12\/Convegno_SanServolo_3-225x300.jpeg 225w, https:\/\/dev.gobidgroup.com\/wp-content\/uploads\/2023\/12\/Convegno_SanServolo_3-1152x1536.jpeg 1152w, https:\/\/dev.gobidgroup.com\/wp-content\/uploads\/2023\/12\/Convegno_SanServolo_3.jpeg 1536w\" sizes=\"(max-width: 768px) 100vw, 768px\" \/><\/figure>\n<\/figure>\n\n\n\n<h3 class=\"wp-block-heading\"><strong>EJECUCIONES INMOBILIARIAS<\/strong>, los temas analizados:<\/h3>\n\n\n\n<ul>\n<li>La Custodia Judicial.<\/li>\n\n\n\n<li>El rol del Profesional Delegado.<\/li>\n\n\n\n<li>El instituto y la regulaci\u00f3n del recurso contra los actos del profesional delegado.<\/li>\n\n\n\n<li>Cuando las medidas cautelares penales se cruzan con el proceso ejecutivo.<\/li>\n\n\n\n<li>La venta directa como modalidad alternativa de liquidaci\u00f3n del inmueble embargado: el rol del Juez de la Ejecuci\u00f3n.<\/li>\n\n\n\n<li>La implementaci\u00f3n del nuevo art. 179ter disp. att. cod. proc. civ.: la formaci\u00f3n del profesional delegado y la rotaci\u00f3n de los inscritos en el listado de Gestores de Ventas Telem\u00e1ticas.<\/li>\n<\/ul>\n\n\n\n<p>Este a\u00f1o se ha prestado especial atenci\u00f3n a <strong>temas m\u00e1s amplios<\/strong>, que han <strong>estimulado la discusi\u00f3n y el debate entre profesionales y m\u00e1s all\u00e1<\/strong>.<br>Un enfoque en el <strong>Balance Social<\/strong> y la <strong>importancia de la comunicaci\u00f3n de sostenibilidad en los organismos p\u00fablicos<\/strong>, as\u00ed como en el <strong>rol del Empresario en la configuraci\u00f3n de estructuras adecuadas<\/strong>, han enriquecido el debate en <strong>dos eventos distintos<\/strong>, promovidos tambi\u00e9n por nuestro Grupo.<\/p>\n\n\n\n<p>Adem\u00e1s, nuestra <strong>Business Unit<\/strong> dedicada al mundo financiero particip\u00f3 en el <strong>evento de referencia para el sector NPL &amp; UTP<\/strong>. En el <strong>marco incomparable de Verona<\/strong>, <strong>Gobid Group<\/strong> fue una vez m\u00e1s <strong>patrocinador oficial<\/strong> del congreso, que represent\u00f3 una <strong>oportunidad clave para reflexionar sobre el mercado italiano de los NPE<\/strong>.<\/p>\n\n\n\n<figure class=\"wp-block-gallery has-nested-images columns-default is-cropped wp-block-gallery-3 is-layout-flex wp-block-gallery-is-layout-flex\">\n<figure class=\"wp-block-image size-large\"><img loading=\"lazy\" decoding=\"async\" width=\"1024\" height=\"683\" data-id=\"103275\" src=\"https:\/\/dev.gobidgroup.com\/wp-content\/uploads\/2023\/12\/verona_NPL_Platea.jpeg\" alt=\"Npl e Utp Verona\" class=\"wp-image-103275\" srcset=\"https:\/\/dev.gobidgroup.com\/wp-content\/uploads\/2023\/12\/verona_NPL_Platea.jpeg 1024w, https:\/\/dev.gobidgroup.com\/wp-content\/uploads\/2023\/12\/verona_NPL_Platea-300x200.jpeg 300w, https:\/\/dev.gobidgroup.com\/wp-content\/uploads\/2023\/12\/verona_NPL_Platea-768x512.jpeg 768w\" sizes=\"(max-width: 1024px) 100vw, 1024px\" \/><\/figure>\n\n\n\n<figure class=\"wp-block-image size-large\"><img loading=\"lazy\" decoding=\"async\" width=\"1024\" height=\"768\" data-id=\"103273\" src=\"https:\/\/dev.gobidgroup.com\/wp-content\/uploads\/2023\/12\/Convegno_Verona_NPL-1-1024x768.jpeg\" alt=\"Gobid Group: convegno Npl Verona\" class=\"wp-image-103273\" srcset=\"https:\/\/dev.gobidgroup.com\/wp-content\/uploads\/2023\/12\/Convegno_Verona_NPL-1-1024x768.jpeg 1024w, https:\/\/dev.gobidgroup.com\/wp-content\/uploads\/2023\/12\/Convegno_Verona_NPL-1-300x225.jpeg 300w, https:\/\/dev.gobidgroup.com\/wp-content\/uploads\/2023\/12\/Convegno_Verona_NPL-1-768x576.jpeg 768w, https:\/\/dev.gobidgroup.com\/wp-content\/uploads\/2023\/12\/Convegno_Verona_NPL-1-1536x1152.jpeg 1536w, https:\/\/dev.gobidgroup.com\/wp-content\/uploads\/2023\/12\/Convegno_Verona_NPL-1.jpeg 2000w\" sizes=\"(max-width: 1024px) 100vw, 1024px\" \/><\/figure>\n<\/figure>\n\n\n\n<p>Nuestra presencia ha sido posible gracias a la <strong>colaboraci\u00f3n cada vez m\u00e1s s\u00f3lida y duradera<\/strong> establecida con las <strong>organizaciones m\u00e1s prestigiosas a nivel nacional<\/strong>: <strong>entidades de estudio interdisciplinario, asociaciones nacionales de categor\u00eda, institutos de consultor\u00eda para profesionales encargados de las ventas judiciales<\/strong>, hasta los <strong>colegios profesionales de contadores y abogados<\/strong>. <strong>El verdadero motor en la producci\u00f3n de tem\u00e1ticas actuales y en constante evoluci\u00f3n<\/strong>, que nuestro Grupo se enorgullece de contribuir a divulgar.<\/p>\n\n\n\n<p>Citas <strong>imprescindibles tambi\u00e9n para la formaci\u00f3n de nuestro equipo<\/strong>. La participaci\u00f3n de nuestras \u00e1reas: <strong>Legal, Marketing, Credit &amp; Real Estate del Business Development<\/strong>, junto con nuestros referentes en el territorio, garantiza una <strong>reflexi\u00f3n constante sobre la mejora de los servicios y soluciones ofrecidas a nuestros interlocutores de referencia<\/strong>.<\/p>\n\n\n\n<figure class=\"wp-block-gallery has-nested-images columns-default is-cropped wp-block-gallery-4 is-layout-flex wp-block-gallery-is-layout-flex\">\n<figure class=\"wp-block-image size-full\"><img loading=\"lazy\" decoding=\"async\" width=\"1200\" height=\"1600\" data-id=\"103199\" src=\"https:\/\/dev.gobidgroup.com\/wp-content\/uploads\/2023\/12\/WhatsApp-Image-2023-11-17-at-10.46.36.jpeg\" alt=\"Gobid Group: convegno Cesenatico S.I.S.C.O\" class=\"wp-image-103199\" srcset=\"https:\/\/dev.gobidgroup.com\/wp-content\/uploads\/2023\/12\/WhatsApp-Image-2023-11-17-at-10.46.36.jpeg 1200w, https:\/\/dev.gobidgroup.com\/wp-content\/uploads\/2023\/12\/WhatsApp-Image-2023-11-17-at-10.46.36-225x300.jpeg 225w, https:\/\/dev.gobidgroup.com\/wp-content\/uploads\/2023\/12\/WhatsApp-Image-2023-11-17-at-10.46.36-768x1024.jpeg 768w, https:\/\/dev.gobidgroup.com\/wp-content\/uploads\/2023\/12\/WhatsApp-Image-2023-11-17-at-10.46.36-1152x1536.jpeg 1152w\" sizes=\"(max-width: 1200px) 100vw, 1200px\" \/><\/figure>\n\n\n\n<figure class=\"wp-block-image size-large\"><img loading=\"lazy\" decoding=\"async\" width=\"1024\" height=\"843\" data-id=\"103195\" src=\"https:\/\/dev.gobidgroup.com\/wp-content\/uploads\/2023\/12\/Per-LinkedIn-1024x843.jpg\" alt=\"Codice della crisi di impresa e dell'insolvenza - Cesenatico\" class=\"wp-image-103195\" srcset=\"https:\/\/dev.gobidgroup.com\/wp-content\/uploads\/2023\/12\/Per-LinkedIn-1024x843.jpg 1024w, https:\/\/dev.gobidgroup.com\/wp-content\/uploads\/2023\/12\/Per-LinkedIn-300x247.jpg 300w, https:\/\/dev.gobidgroup.com\/wp-content\/uploads\/2023\/12\/Per-LinkedIn-768x632.jpg 768w, https:\/\/dev.gobidgroup.com\/wp-content\/uploads\/2023\/12\/Per-LinkedIn-1536x1264.jpg 1536w, https:\/\/dev.gobidgroup.com\/wp-content\/uploads\/2023\/12\/Per-LinkedIn.jpg 1823w\" sizes=\"(max-width: 1024px) 100vw, 1024px\" \/><\/figure>\n<\/figure>\n","protected":false},"excerpt":{"rendered":"<p>Se reunieron 27 eventos de capacitaci\u00f3n y 6.500 profesionales en todo el territorio nacional. Repasemos juntos estos 12 meses de intensa actividad para el Grupo.<\/p>\n","protected":false},"author":13,"featured_media":108988,"comment_status":"open","ping_status":"open","sticky":false,"template":"","format":"standard","meta":{"_seopress_robots_primary_cat":"none","om_disable_all_campaigns":false,"_monsterinsights_skip_tracking":false,"_monsterinsights_sitenote_active":false,"_monsterinsights_sitenote_note":"","_monsterinsights_sitenote_category":0,"_uf_show_specific_survey":0,"_uf_disable_surveys":false,"footnotes":""},"categories":[440,445,436,444],"tags":[463,504,469,465],"aioseo_notices":[],"_links":{"self":[{"href":"https:\/\/dev.gobidgroup.com\/es\/wp-json\/wp\/v2\/posts\/108985"}],"collection":[{"href":"https:\/\/dev.gobidgroup.com\/es\/wp-json\/wp\/v2\/posts"}],"about":[{"href":"https:\/\/dev.gobidgroup.com\/es\/wp-json\/wp\/v2\/types\/post"}],"author":[{"embeddable":true,"href":"https:\/\/dev.gobidgroup.com\/es\/wp-json\/wp\/v2\/users\/13"}],"replies":[{"embeddable":true,"href":"https:\/\/dev.gobidgroup.com\/es\/wp-json\/wp\/v2\/comments?post=108985"}],"version-history":[{"count":1,"href":"https:\/\/dev.gobidgroup.com\/es\/wp-json\/wp\/v2\/posts\/108985\/revisions"}],"predecessor-version":[{"id":108991,"href":"https:\/\/dev.gobidgroup.com\/es\/wp-json\/wp\/v2\/posts\/108985\/revisions\/108991"}],"wp:featuredmedia":[{"embeddable":true,"href":"https:\/\/dev.gobidgroup.com\/es\/wp-json\/wp\/v2\/media\/108988"}],"wp:attachment":[{"href":"https:\/\/dev.gobidgroup.com\/es\/wp-json\/wp\/v2\/media?parent=108985"}],"wp:term":[{"taxonomy":"category","embeddable":true,"href":"https:\/\/dev.gobidgroup.com\/es\/wp-json\/wp\/v2\/categories?post=108985"},{"taxonomy":"post_tag","embeddable":true,"href":"https:\/\/dev.gobidgroup.com\/es\/wp-json\/wp\/v2\/tags?post=108985"}],"curies":[{"name":"wp","href":"https:\/\/api.w.org\/{rel}","templated":true}]}}