{"id":108953,"date":"2024-03-07T18:18:14","date_gmt":"2024-03-07T16:18:14","guid":{"rendered":"https:\/\/dev.gobidgroup.com\/?p=108953"},"modified":"2025-02-13T10:53:12","modified_gmt":"2025-02-13T08:53:12","slug":"la-solucion-negociada-de-la-crisis-la-conferencia-de-ancona","status":"publish","type":"post","link":"https:\/\/dev.gobidgroup.com\/es\/la-solucion-negociada-de-la-crisis-la-conferencia-de-ancona\/","title":{"rendered":"La soluci\u00f3n negociada de la crisis: la conferencia de Ancona."},"content":{"rendered":"\n<p><strong>Una jornada dedicada a las nuevas reglas y pr\u00e1cticas de la composici\u00f3n negociada de la crisis y a las herramientas para la soluci\u00f3n de la crisis empresarial.<\/strong>&nbsp;Estos son los temas centrales del congreso que se llevar\u00e1 a cabo el&nbsp;<strong>15 de marzo<\/strong>&nbsp;en la espl\u00e9ndida ubicaci\u00f3n del&nbsp;<strong>Auditorium Orfeo Tamburi<\/strong>&nbsp;de la&nbsp;<strong>Mole Vanvitelliana<\/strong>&nbsp;en Ancona.&nbsp;<strong>Gobid Group<\/strong>&nbsp;estar\u00e1 entre los&nbsp;<strong>main sponsors<\/strong>&nbsp;del evento formativo, organizado por la&nbsp;<strong>C\u00e1mara de Comercio de las Marcas<\/strong>, la&nbsp;<strong>Fundaci\u00f3n Ankon<\/strong>&nbsp;y el&nbsp;<strong>ODCEC de Ancona<\/strong>, junto con el&nbsp;<strong>Colegio de Abogados<\/strong>, el&nbsp;<strong>Consejo Provincial<\/strong>&nbsp;y el&nbsp;<strong>Colegio Notarial de Ancona<\/strong>.<\/p>\n\n\n\n<p><strong>Jueces, abogados y doctores comerciales<\/strong>&nbsp;se reunir\u00e1n para abordar los temas m\u00e1s actuales relacionados con la&nbsp;<strong>composici\u00f3n negociada de la crisis empresarial<\/strong>&nbsp;durante la ma\u00f1ana del&nbsp;<strong>viernes 15 de marzo<\/strong>, mientras que por la tarde el enfoque del congreso estar\u00e1 dedicado a la&nbsp;<strong>responsabilidad de administradores y s\u00edndicos por la inadecuaci\u00f3n de los sistemas organizativos y la no compliance<\/strong>.<\/p>\n\n\n\n<p>La jornada se articular\u00e1 en dos sesiones. A continuaci\u00f3n, el programa de la ma\u00f1ana dedicado a la&nbsp;<strong>Crisis Empresarial<\/strong>:<\/p>\n\n\n\n<ul>\n<li><strong>Hora 9:00<\/strong>: Apertura de los trabajos a cargo de\u00a0<strong>Camillo Catana Vallemani<\/strong>, Presidente del\u00a0<strong>ODCEC de Ancona<\/strong>.<\/li>\n<\/ul>\n\n\n\n<ul>\n<li><strong>Hora 9:05<\/strong>:\u00a0<strong>Saludos Institucionales<\/strong>\u00a0a cargo de\u00a0<strong>Daniele Silvetti<\/strong>, Alcalde de Ancona;\u00a0<strong>Gino Sabatini<\/strong>, Presidente de la\u00a0<strong>C\u00e1mara de Comercio de las Marcas<\/strong>;\u00a0<strong>Roberto Di Iulio<\/strong>, Presidente del\u00a0<strong>Colegio de Consultores del Trabajo de Ancona<\/strong>;\u00a0<strong>Gianni Marasca<\/strong>, Presidente del\u00a0<strong>Colegio de Abogados de Ancona<\/strong>;\u00a0<strong>Pietro Ciarletta<\/strong>, Presidente del\u00a0<strong>Consejo Notarial de Ancona<\/strong>; y\u00a0<strong>Edi Ragaglia<\/strong>, Presidente del\u00a0<strong>Tribunal de Ancona<\/strong>.<\/li>\n<\/ul>\n\n\n\n<ul>\n<li><strong>Hora 9:30<\/strong>: Intervenci\u00f3n de\u00a0<strong>Andrea Giacomelli<\/strong>, Dottore Commercialista en Ancona, sobre la\u00a0<strong>&#8220;Detecci\u00f3n temprana de situaciones potenciales de crisis: centralidad del sistema de control de gesti\u00f3n. La identificaci\u00f3n de se\u00f1ales de crisis prospectiva y de alerta&#8221;<\/strong>.<\/li>\n<\/ul>\n\n\n\n<ul>\n<li><strong>Hora 9:50<\/strong>: El\u00a0<strong>Abogado en Mil\u00e1n, Matteo Bascelli<\/strong>, expondr\u00e1 sobre los\u00a0<strong>presupuestos m\u00ednimos (y los \u00f3ptimos) para acceder a la Composici\u00f3n Negociada<\/strong>, valorizando sus potencialidades durante su desarrollo (con las medidas protectoras y cautelares, pero tambi\u00e9n y especialmente a trav\u00e9s de los actos &#8220;autorizados&#8221; por el Tribunal) y en los diferentes posibles resultados (con particular atenci\u00f3n a los resultados negociados). El\u00a0<strong>Abogado Bascelli<\/strong>\u00a0tambi\u00e9n hablar\u00e1 sobre el\u00a0<strong>&#8220;cambio de paradigma&#8221;<\/strong>\u00a0necesario para abordar de manera oportuna la b\u00fasqueda de soluciones a la crisis empresarial; los\u00a0<strong>presidios organizativos<\/strong>\u00a0y los factores de discontinuidad desde las meras &#8220;reorganizaciones&#8221; hasta las m\u00e1s articuladas &#8220;reestructuraciones&#8221; empresariales. La compleja, pero esencial, relaci\u00f3n con el sistema bancario en el contexto de la crisis; las condiciones para que los principios conductuales inspiradores de la Composici\u00f3n Negociada puedan concretarse en una colaboraci\u00f3n virtuosa por parte de los bancos.<\/li>\n<\/ul>\n\n\n\n<figure class=\"wp-block-image size-large\"><img loading=\"lazy\" decoding=\"async\" width=\"1024\" height=\"541\" src=\"https:\/\/dev.gobidgroup.com\/wp-content\/uploads\/2024\/03\/32989885756_1af055bab1_k-1024x541.jpg\" alt=\"\" class=\"wp-image-103657\" srcset=\"https:\/\/dev.gobidgroup.com\/wp-content\/uploads\/2024\/03\/32989885756_1af055bab1_k-1024x541.jpg 1024w, https:\/\/dev.gobidgroup.com\/wp-content\/uploads\/2024\/03\/32989885756_1af055bab1_k-300x159.jpg 300w, https:\/\/dev.gobidgroup.com\/wp-content\/uploads\/2024\/03\/32989885756_1af055bab1_k-768x406.jpg 768w, https:\/\/dev.gobidgroup.com\/wp-content\/uploads\/2024\/03\/32989885756_1af055bab1_k.jpg 1400w\" sizes=\"(max-width: 1024px) 100vw, 1024px\" \/><\/figure>\n\n\n\n<ul>\n<li><strong>Hora 10:25<\/strong>:\u00a0<strong>Diego Rufini<\/strong>, Abogado en Bolonia, intervendr\u00e1 sobre la\u00a0<strong>Composici\u00f3n negociada &#8211; la conclusi\u00f3n de las negociaciones con los acreedores ex art. 23, p\u00e1rrafo 1, CCII<\/strong>. Los contratos id\u00f3neos para asegurar la continuidad empresarial, la convenci\u00f3n de moratoria ex art. 62 CCII y el acuerdo suscrito por el empresario, los acreedores y el experto: un uso combinado para mejorar su eficacia y eficiencia, superando los l\u00edmites y contradicciones que los caracterizan.<\/li>\n<\/ul>\n\n\n\n<ul>\n<li><strong>Hora 11:15<\/strong>:\u00a0<strong>Marcello Pollio<\/strong>, Dottore Commercialista en G\u00e9nova, expondr\u00e1 sobre la\u00a0<strong>Composici\u00f3n negociada y el no alcance de un acuerdo id\u00f3neo para superar la crisis: las soluciones ex art. 23, p\u00e1rrafo 2, CCII para la composici\u00f3n de la crisis<\/strong>. Los acuerdos en ejecuci\u00f3n de planes certificados de saneamiento ex art. 56 CCII; los acuerdos de reestructuraci\u00f3n de deudas ex art. 57, 60 y 61 CCII; el concordato simplificado para la liquidaci\u00f3n del patrimonio ex art. 25 sexies CCII; el acceso a uno de los instrumentos de regulaci\u00f3n de la crisis y la insolvencia previstos en el CCII.<\/li>\n<\/ul>\n\n\n\n<ul>\n<li><strong>Hora 12:00<\/strong>: La\u00a0<strong>Jueza Delegada del Tribunal Concursal de Ancona, Maria Letizia Mantovani<\/strong>, intervendr\u00e1 sobre\u00a0<strong>&#8220;El \u00e1mbito de intervenci\u00f3n del Tribunal en la Composici\u00f3n negociada: las medidas protectoras ex art. 18 CCII y las autorizaciones ex art. 22 CCII&#8221;<\/strong>.<\/li>\n<\/ul>\n\n\n\n<ul>\n<li><strong>Hora 12:30<\/strong>:\u00a0<strong>Antonio Gitto<\/strong>, Dottore Commercialista en Ancona, abordar\u00e1 el tema relacionado con las\u00a0<strong>medidas premiales ex art. 25 bis CCII en la Composici\u00f3n Negociada \u2013 intereses, sanciones tributarias y planes de pago a plazos<\/strong>. El excedente de la transacci\u00f3n fiscal y previsional: los instrumentos en los que es posible proponerla, las posibilidades de uso seg\u00fan la pr\u00e1ctica y la posible ampliaci\u00f3n a la composici\u00f3n negociada.<\/li>\n<\/ul>\n\n\n\n<p><\/p>\n\n\n\n<p><strong>&#8220;La responsabilidad de administradores y s\u00edndicos por la inadecuaci\u00f3n de los sistemas organizativos y la no compliance&#8221;<\/strong>&nbsp;ser\u00e1 el foco de la segunda sesi\u00f3n del congreso. A continuaci\u00f3n, el programa de las intervenciones:<\/p>\n\n\n\n<ul>\n<li><strong>Hora 14:30<\/strong>:\u00a0<strong>Saverio Sabatini<\/strong>, Abogado en Ancona, intervendr\u00e1 sobre el\u00a0<strong>hilo conductor que vincula los sistemas adecuados con los objetivos ESG, la compliance y la normativa comunitaria y dom\u00e9stica, en perspectiva del control judicial<\/strong>.<\/li>\n<\/ul>\n\n\n\n<ul>\n<li><strong>Hora 15:15<\/strong>: El\u00a0<strong>Abogado en Ancona, Gianpaolo Sicuro<\/strong>, abordar\u00e1 el tema relacionado con la\u00a0<strong>acci\u00f3n social de responsabilidad, entre el c\u00f3digo de la crisis (art. 255 CCII) y el c\u00f3digo civil: la responsabilidad hacia los acreedores, la del socio seg\u00fan el art. 2476, p\u00e1rrafo 8, c.c. y de la sociedad que ejerce direcci\u00f3n y coordinaci\u00f3n ex art. 2497, p\u00e1rrafo 4, c.c.<\/strong><\/li>\n<\/ul>\n\n\n\n<ul>\n<li><strong>Hora 16:00<\/strong>: La\u00a0<strong>Dra. Gabriella Pompetti<\/strong>, Jueza de Empresas en el Tribunal de Ancona, abordar\u00e1 el tema dedicado a la\u00a0<strong>denuncia ex art. 2409 c.c., entre pr\u00e1ctica y jurisprudencia, tambi\u00e9n como instrumento para controlar la adecuaci\u00f3n de los sistemas<\/strong>. La legitimaci\u00f3n activa y pasiva, el nombramiento del curador especial, el papel del administrador judicial y la centralidad de la figura del inspector.<\/li>\n<\/ul>\n\n\n\n<p>Descarga\u00a0<a href=\"https:\/\/www.odcec.an.it\/images\/immagini\/20240315\/20240315_PROGRAMMA_2.pdf\" title=\"qu\">aqu\u00ed<\/a> el programa completo.<\/p>\n","protected":false},"excerpt":{"rendered":"<p>El evento de formaci\u00f3n tendr\u00e1 lugar en el Auditorio Orfeo Tamburi del Mole de Ancona el 15 de marzo.<\/p>\n","protected":false},"author":13,"featured_media":108957,"comment_status":"open","ping_status":"open","sticky":false,"template":"","format":"standard","meta":{"_seopress_robots_primary_cat":"none","om_disable_all_campaigns":false,"_monsterinsights_skip_tracking":false,"_monsterinsights_sitenote_active":false,"_monsterinsights_sitenote_note":"","_monsterinsights_sitenote_category":0,"_uf_show_specific_survey":0,"_uf_disable_surveys":false,"footnotes":""},"categories":[436],"tags":[469],"aioseo_notices":[],"_links":{"self":[{"href":"https:\/\/dev.gobidgroup.com\/es\/wp-json\/wp\/v2\/posts\/108953"}],"collection":[{"href":"https:\/\/dev.gobidgroup.com\/es\/wp-json\/wp\/v2\/posts"}],"about":[{"href":"https:\/\/dev.gobidgroup.com\/es\/wp-json\/wp\/v2\/types\/post"}],"author":[{"embeddable":true,"href":"https:\/\/dev.gobidgroup.com\/es\/wp-json\/wp\/v2\/users\/13"}],"replies":[{"embeddable":true,"href":"https:\/\/dev.gobidgroup.com\/es\/wp-json\/wp\/v2\/comments?post=108953"}],"version-history":[{"count":2,"href":"https:\/\/dev.gobidgroup.com\/es\/wp-json\/wp\/v2\/posts\/108953\/revisions"}],"predecessor-version":[{"id":108960,"href":"https:\/\/dev.gobidgroup.com\/es\/wp-json\/wp\/v2\/posts\/108953\/revisions\/108960"}],"wp:featuredmedia":[{"embeddable":true,"href":"https:\/\/dev.gobidgroup.com\/es\/wp-json\/wp\/v2\/media\/108957"}],"wp:attachment":[{"href":"https:\/\/dev.gobidgroup.com\/es\/wp-json\/wp\/v2\/media?parent=108953"}],"wp:term":[{"taxonomy":"category","embeddable":true,"href":"https:\/\/dev.gobidgroup.com\/es\/wp-json\/wp\/v2\/categories?post=108953"},{"taxonomy":"post_tag","embeddable":true,"href":"https:\/\/dev.gobidgroup.com\/es\/wp-json\/wp\/v2\/tags?post=108953"}],"curies":[{"name":"wp","href":"https:\/\/api.w.org\/{rel}","templated":true}]}}