{"id":108940,"date":"2024-03-15T11:47:56","date_gmt":"2024-03-15T09:47:56","guid":{"rendered":"https:\/\/dev.gobidgroup.com\/?p=108940"},"modified":"2025-02-14T12:13:31","modified_gmt":"2025-02-14T10:13:31","slug":"modelos-organizativos-segun-d-lgs-231-01-y-crisis-empresarial-la-conferencia-de-prato","status":"publish","type":"post","link":"https:\/\/dev.gobidgroup.com\/es\/modelos-organizativos-segun-d-lgs-231-01-y-crisis-empresarial-la-conferencia-de-prato\/","title":{"rendered":"Modelos Organizativos seg\u00fan D. Lgs. 231\/01 y Crisis empresarial: La conferencia de Prato"},"content":{"rendered":"\n<p><strong>Viernes 15 de marzo<\/strong>, el complejo <strong>&#8220;Il Garibaldi-Milleventi&#8221;<\/strong> de Prato acoger\u00e1 el congreso regional organizado por la <strong>UGDCEC &#8211; Unione Nazionale Giovani Dottori Commercialisti ed Esperti Contabili<\/strong>, dedicado a los <strong>&#8220;Modelos Organizativos ex D. Lgs 231\/01, adecuados sistemas y Crisis empresarial: evoluciones, actualizaciones e interconexiones&#8221;<\/strong>.<\/p>\n\n\n\n<p><strong>Gobid Group<\/strong> es partner del evento formativo. Una jornada en la que <strong>Dottori Commercialisti<\/strong>, <strong>Profesores e Investigadores Universitarios<\/strong>, <strong>Magistrados<\/strong> y muchos otros profesionales destacados del mundo jur\u00eddico, acad\u00e9mico y empresarial arrojar\u00e1n luz sobre las recientes evoluciones normativas relacionadas con el <strong>D.Lgs 231\/2001<\/strong>. El enfoque se centrar\u00e1, en particular, en los <strong>adecuados sistemas organizativos, administrativos y contables<\/strong> como herramienta para salir anticipadamente de la crisis, y en los modelos de organizaci\u00f3n, gesti\u00f3n y control a los que se refiere el <strong>D.Lgs 231\/2001<\/strong>.<\/p>\n\n\n\n<p>Las dos normativas, aunque tienen objetivos diferentes, pueden favorecer un entorno organizativo capaz de prevenir la comisi\u00f3n de delitos y, al mismo tiempo, permitir la prevenci\u00f3n del estado de crisis, apoyando los objetivos del c\u00f3digo de crisis. Y es en este escenario donde se inserta la <strong>compliance<\/strong>, cada vez m\u00e1s obligatoria, que representa en el panorama empresarial actual un verdadero factor cr\u00edtico de \u00e9xito. La <strong>compliance<\/strong> hace que una empresa sea moderna y capaz de establecer un di\u00e1logo claro y transparente con interlocutores financieros e institucionales, y de estar en l\u00ednea con las normativas especializadas. Entre las m\u00faltiples declinaciones de la <strong>compliance<\/strong> est\u00e1 la implementaci\u00f3n de un <strong>Modelo 231<\/strong> adecuado, una herramienta de garant\u00eda jur\u00eddica para los altos cargos empresariales: esto porque excluye, por un lado, la responsabilidad de estos \u00faltimos por eventuales procedimientos penales a cargo de la entidad, y, por otro lado, constituye <strong>ex lege<\/strong> prueba del cumplimiento de la obligaci\u00f3n de vigilancia que recae sobre el empleador, as\u00ed como sobre el desempe\u00f1o de los delegados.<\/p>\n\n\n\n<p><\/p>\n\n\n\n<figure class=\"wp-block-image size-large is-resized\"><img loading=\"lazy\" decoding=\"async\" width=\"1024\" height=\"407\" src=\"https:\/\/dev.gobidgroup.com\/wp-content\/uploads\/2024\/03\/12057-1-1024x407.jpg\" alt=\"\" class=\"wp-image-103796\" style=\"width:1200px\" srcset=\"https:\/\/dev.gobidgroup.com\/wp-content\/uploads\/2024\/03\/12057-1-1024x407.jpg 1024w, https:\/\/dev.gobidgroup.com\/wp-content\/uploads\/2024\/03\/12057-1-300x119.jpg 300w, https:\/\/dev.gobidgroup.com\/wp-content\/uploads\/2024\/03\/12057-1-768x305.jpg 768w, https:\/\/dev.gobidgroup.com\/wp-content\/uploads\/2024\/03\/12057-1.jpg 1400w\" sizes=\"(max-width: 1024px) 100vw, 1024px\" \/><\/figure>\n\n\n\n<p>A continuaci\u00f3n, el programa de la Jornada:<\/p>\n\n\n\n<ul>\n<li><strong>Hora 14:30<\/strong>: Apertura de los trabajos con los\u00a0<strong>Saludos Institucionales<\/strong>\u00a0a cargo de\u00a0<strong>Simone Giannecchini<\/strong>, Coordinador Regional de\u00a0<strong>UNGDCEC Toscana<\/strong>;\u00a0<strong>Alessandra Cocci<\/strong>, Presidenta de\u00a0<strong>UGDCEC Prato<\/strong>;\u00a0<strong>Stefano Cioffo<\/strong>, Asesor de la Regi\u00f3n de Toscana;\u00a0<strong>Matteo Biffoni<\/strong>, Alcalde de Prato;\u00a0<strong>Filippo Ravone<\/strong>, Presidente de\u00a0<strong>ODCEC Prato<\/strong>;\u00a0<strong>Francesco Savio<\/strong>, Presidente de la Fundaci\u00f3n Centro Studi\u00a0<strong>UNGDCEC<\/strong>;\u00a0<strong>Danilo Casucci<\/strong>, Presidente de\u00a0<strong>luya<\/strong>; y\u00a0<strong>Francesco Cataldi<\/strong>, Presidente de\u00a0<strong>UNGDCEC<\/strong>.<\/li>\n\n\n\n<li><strong>Hora 15:00<\/strong>:\u00a0<strong>Mesa T\u00e9cnica<\/strong>. Moderan\u00a0<strong>Federico Giotti<\/strong>, Vicepresidente de\u00a0<strong>UNGDCEC<\/strong>, y\u00a0<strong>Massimiliano Dell&#8217;Unto<\/strong>, Consejero de\u00a0<strong>UNGDCEC<\/strong>. Intervendr\u00e1n el\u00a0<strong>Dr. Enrico Capanna<\/strong>, Magistrado del Tribunal de Prato;\u00a0<strong>Davide Bianchi<\/strong>, Investigador en Derecho Penal de la Universidad de Tur\u00edn;\u00a0<strong>Lorenzo Pellegrini<\/strong>, Abogado del Colegio de Abogados de Florencia;\u00a0<strong>Laura Germinara<\/strong>, Dottore Commercialista en Prato; y\u00a0<strong>Marco Giraldi<\/strong>, Dottore Commercialista en Prato.<\/li>\n\n\n\n<li><strong>Hora 16:30<\/strong>:\u00a0<strong>Caso Pr\u00e1ctico<\/strong>. Moderan\u00a0<strong>Alessandra Cocci<\/strong>, Presidenta de\u00a0<strong>UGDCEC Prato<\/strong>, y\u00a0<strong>Carlo De Luca<\/strong>, Secretario de\u00a0<strong>UNGDCEC<\/strong>. Participan\u00a0<strong>Riccardo Bruschi<\/strong>, Socio Fundador y Administrador Delegado de la Sociedad\u00a0<strong>TT Tecnosistemi s.p.a.<\/strong>, y\u00a0<strong>Raffaella Pinori<\/strong>, Presidenta del Consejo de Administraci\u00f3n de la Sociedad\u00a0<strong>Pinori Filati s.p.a.<\/strong><\/li>\n\n\n\n<li><strong>Hora 17:30<\/strong>:\u00a0<strong>Mesa Pol\u00edtica<\/strong>. Modera\u00a0<strong>Francesco Savio<\/strong>, Presidente de la Fundaci\u00f3n Centro Studi\u00a0<strong>UNGDCEC<\/strong>. Intervienen\u00a0<strong>Chiara La Porta<\/strong>, Parlamentaria Italiana;\u00a0<strong>Eugenio Giani<\/strong>, Presidente de la Regi\u00f3n de Toscana;\u00a0<strong>Gian Luca Ancarani<\/strong>, Consejero Nacional del Orden de Dottori Commercialisti ed Esperti Contabili;\u00a0<strong>Francesco Cataldi<\/strong>, Presidente de\u00a0<strong>UNGDCEC<\/strong>; y\u00a0<strong>Filippo Ravone<\/strong>, Presidente de\u00a0<strong>ODCEC Prato.<\/strong><\/li>\n<\/ul>\n\n\n\n<p>Descarga&nbsp;<a href=\"https:\/\/www.odcec.an.it\/images\/immagini\/20240315\/20240315_PROGRAMMA_2.pdf\" title=\"aqu\u00ed \">aqu\u00ed<\/a> el programa completo.<\/p>\n\n\n\n<p><\/p>\n","protected":false},"excerpt":{"rendered":"<p>El evento de formaci\u00f3n tendr\u00e1 lugar en el Auditorio Orfeo Tamburi del Mole de Ancona el 15 de marzo.<\/p>\n","protected":false},"author":13,"featured_media":108950,"comment_status":"open","ping_status":"open","sticky":false,"template":"","format":"standard","meta":{"_seopress_robots_primary_cat":"none","om_disable_all_campaigns":false,"_monsterinsights_skip_tracking":false,"_monsterinsights_sitenote_active":false,"_monsterinsights_sitenote_note":"","_monsterinsights_sitenote_category":0,"_uf_show_specific_survey":0,"_uf_disable_surveys":false,"footnotes":""},"categories":[442,436],"tags":[],"aioseo_notices":[],"_links":{"self":[{"href":"https:\/\/dev.gobidgroup.com\/es\/wp-json\/wp\/v2\/posts\/108940"}],"collection":[{"href":"https:\/\/dev.gobidgroup.com\/es\/wp-json\/wp\/v2\/posts"}],"about":[{"href":"https:\/\/dev.gobidgroup.com\/es\/wp-json\/wp\/v2\/types\/post"}],"author":[{"embeddable":true,"href":"https:\/\/dev.gobidgroup.com\/es\/wp-json\/wp\/v2\/users\/13"}],"replies":[{"embeddable":true,"href":"https:\/\/dev.gobidgroup.com\/es\/wp-json\/wp\/v2\/comments?post=108940"}],"version-history":[{"count":4,"href":"https:\/\/dev.gobidgroup.com\/es\/wp-json\/wp\/v2\/posts\/108940\/revisions"}],"predecessor-version":[{"id":109349,"href":"https:\/\/dev.gobidgroup.com\/es\/wp-json\/wp\/v2\/posts\/108940\/revisions\/109349"}],"wp:featuredmedia":[{"embeddable":true,"href":"https:\/\/dev.gobidgroup.com\/es\/wp-json\/wp\/v2\/media\/108950"}],"wp:attachment":[{"href":"https:\/\/dev.gobidgroup.com\/es\/wp-json\/wp\/v2\/media?parent=108940"}],"wp:term":[{"taxonomy":"category","embeddable":true,"href":"https:\/\/dev.gobidgroup.com\/es\/wp-json\/wp\/v2\/categories?post=108940"},{"taxonomy":"post_tag","embeddable":true,"href":"https:\/\/dev.gobidgroup.com\/es\/wp-json\/wp\/v2\/tags?post=108940"}],"curies":[{"name":"wp","href":"https:\/\/api.w.org\/{rel}","templated":true}]}}