{"id":108891,"date":"2024-05-29T15:51:00","date_gmt":"2024-05-29T13:51:00","guid":{"rendered":"https:\/\/dev.gobidgroup.com\/?p=108891"},"modified":"2025-02-14T12:09:06","modified_gmt":"2025-02-14T10:09:06","slug":"conferencia-psg-31-mayo","status":"publish","type":"post","link":"https:\/\/dev.gobidgroup.com\/es\/conferencia-psg-31-mayo\/","title":{"rendered":"Conferencia Gobid Group &#8211; 31 de mayo de 2024 Porto San Giorgio (FM). Acuerdo negociado. \u00c1reas operativas y perfiles"},"content":{"rendered":"\n<div class=\"header_webinar header_convegni\">\n\n<div class=\"txt_centrato\">\n\t<p><img decoding=\"async\" class=\"border-radius-0\" src=\"\/wp-content\/uploads\/2023\/05\/Frame.svg\" alt=\"Gobid Group\"><\/p>\n<p><b><span style=\"font-weight: 900\">LA COMPOSICI\u00d3N NEGOCIABLE. \u00c1REAS Y PERFILES DE OPERACI\u00d3N<\/span><\/b><\/p>\n<p><b>CONVEGNO<\/b><\/p>\n\t\n\t<p class=\"titolo2\"> 31 DE MAYO DE 2024<\/p> <p class=\"titolo2\"> TEATRO MUNICIPAL DE PORTO SAN GIORGIO\n<\/div>\n\n<\/div>\n<h1 class=\"wp-block-heading\" style=\"width:100%;font-size:34px; margin-bottom: 30px\">La Composizione Negoziata. Ambiti e profili di operativit\u00e0. <br>Il Convegno a Porto San Giorgio(FM).<\/br> <\/h1>\n\n<script>\njQuery('.elementor-heading-title').remove();\njQuery('.e-con-boxed').eq(0).remove();\n<\/script>\n\n\n\n<p>Gobid Group organiza, en calidad de main sponsor, una convenci\u00f3n dedicada a los profesionales de las ventas judiciales sobre los principales temas planteados por el <strong>C\u00f3digo de la Crisis Empresarial y de la Insolvencia<\/strong>. T\u00edtulo del congreso:<strong> &#8220;La Composici\u00f3n Negociada. \u00c1mbitos y perfiles de operatividad&#8221;.<\/strong> El evento se llevar\u00e1 a cabo el <strong>31 de mayo de 2024 en Porto San Giorgio (FM)<\/strong>, en el <strong>espl\u00e9ndido marco del teatro municipal<\/strong>, y contar\u00e1 con la participaci\u00f3n de <strong>figuras nacionales de gran relevancia en el \u00e1mbito de los Procedimientos Concursales y la Jurisprudencia del sector<\/strong>, tales como <strong>magistrados, docentes universitarios, abogados y comercialistas<\/strong>.<\/p>\n\n\n\n<p>El <strong>congreso est\u00e1 patrocinado por el Municipio de Porto San Giorgio<\/strong> y se realiza gracias a la colaboraci\u00f3n con el <strong>Orden de Doctores Comercialistas y Expertos Contables de Fermo<\/strong> y el <strong>Orden de Abogados de Fermo<\/strong>.<\/p>\n\n\n\n<p>La participaci\u00f3n da derecho a <strong>cr\u00e9ditos formativos<\/strong> para los inscritos en el <strong>Orden de Doctores Comercialistas y Expertos Contables de Fermo<\/strong> y en el <strong>Orden de Abogados de Fermo<\/strong>.<\/p>\n\n\n\n<p>El congreso concluir\u00e1 con una <strong>Dinner Gala<\/strong> en la <strong>hermosa ubicaci\u00f3n hist\u00f3rica de Villa Bonaparte<\/strong>, con <strong>aperitivo de bienvenida y cena<\/strong>.<\/p>\n\n\n\n<figure class=\"wp-block-image size-large is-resized\"><img loading=\"lazy\" decoding=\"async\" width=\"1024\" height=\"660\" src=\"https:\/\/dev.gobidgroup.com\/wp-content\/uploads\/2024\/05\/20240416_103539-1024x660.jpg\" alt=\"\" class=\"wp-image-104199\" style=\"width:1200px\" srcset=\"https:\/\/dev.gobidgroup.com\/wp-content\/uploads\/2024\/05\/20240416_103539-1024x660.jpg 1024w, https:\/\/dev.gobidgroup.com\/wp-content\/uploads\/2024\/05\/20240416_103539-300x193.jpg 300w, https:\/\/dev.gobidgroup.com\/wp-content\/uploads\/2024\/05\/20240416_103539-768x495.jpg 768w, https:\/\/dev.gobidgroup.com\/wp-content\/uploads\/2024\/05\/20240416_103539.jpg 1400w\" sizes=\"(max-width: 1024px) 100vw, 1024px\" \/><figcaption class=\"wp-element-caption\">Villa Bonaparte a Porto San Giorgio, location della Dinner Gala.<\/figcaption><\/figure>\n\n\n\n\n\n<div style=\"height:100px\" aria-hidden=\"true\" class=\"wp-block-spacer\"><\/div>\n\n\n\n<h3 class=\"wp-block-heading\"><strong>Programa del Congreso<\/strong><\/h3>\n\n\n\n<ul>\n<li><strong>14:00<\/strong>: Registro en el atrio del Teatro<\/li>\n<\/ul>\n\n\n\n<ul>\n<li><strong>14:30 &#8211; 16:30<\/strong>: <strong>Primera sesi\u00f3n de intervenciones<\/strong><\/li>\n\n\n\n<li><strong>Dr. Prof. Andrea Di Cesare<\/strong>, Doctor Comercialista en <strong>Fermo<\/strong> y Profesor en la <strong>Universidad Polit\u00e9cnica de Las Marcas<\/strong><br><em>&#8220;La composici\u00f3n negociada: puntos de atenci\u00f3n normativos y gesti\u00f3n de las relaciones con el sector bancario&#8221;<\/em><\/li>\n\n\n\n<li><strong>Dra. Alessandra Mirabelli<\/strong>, Jueza Delegada en el <strong>Tribunal de Bolonia<\/strong><br><em>&#8220;Las medidas de protecci\u00f3n en la composici\u00f3n negociada y sus l\u00edmites en presencia de una solicitud de Liquidaci\u00f3n Judicial&#8221;<\/em><\/li>\n\n\n\n<li><strong>Dr. Prof. Luca Mandrioli<\/strong>, Doctor Comercialista en <strong>M\u00f3dena<\/strong> y Profesor en la <strong>Universidad de M\u00f3dena y Reggio Emilia<\/strong><br><em>&#8220;Financiaciones prededucibles y transferencia de empresa en la composici\u00f3n negociada&#8221;<\/em><\/li>\n\n\n\n<li><strong>16:30 &#8211; 17:00<\/strong>: <strong>Coffee Break en la sala Castellani<\/strong><\/li>\n<\/ul>\n\n\n\n<ul>\n<li><strong>17:00 &#8211; 19:30<\/strong>: <strong>Segunda sesi\u00f3n de intervenciones<\/strong><\/li>\n\n\n\n<li><strong>Dr. Marco Cannella<\/strong>, Doctor Comercialista en <strong>Fermo<\/strong><br><em>&#8220;Los instrumentos de regulaci\u00f3n de la crisis post composici\u00f3n negociada: &#8216;estrategias&#8217; y el papel del &#8216;profesional'&#8221;<\/em><\/li>\n\n\n\n<li><strong>Dr. Alessandro Felicioni<\/strong>, Doctor Comercialista en <strong>Fermo<\/strong><br><em>&#8220;Evoluci\u00f3n en el \u00e1mbito de la transacci\u00f3n fiscal&#8221;<\/em><\/li>\n<\/ul>\n\n\n\n<p><strong>Desde las 19:30<\/strong>: Traslado a <strong>Villa Bonaparte<\/strong> para <strong>aperitivo de bienvenida y Dinner Gala<\/strong><\/p>\n\n\n\n<div style=\"height:100px\" aria-hidden=\"true\" class=\"wp-block-spacer\"><\/div>\n\n\n\n<div class=\"wp-block-buttons is-content-justification-center is-layout-flex wp-container-core-buttons-is-layout-1 wp-block-buttons-is-layout-flex\">\n<div class=\"wp-block-button has-custom-font-size has-small-font-size\"><a class=\"wp-block-button__link has-dark-gray-color has-text-color has-background has-link-color wp-element-button\" href=\"https:\/\/gobidgroup.com\/wp-content\/uploads\/2024\/05\/Programma-Convegno-Porto-San-Giorgio-31_05_2024.pdf\" style=\"background-color:#fec326\"><strong>HAGA CLIC AQU\u00cd PARA DESCARGAR EL PROGRAMA COMPLETO DEL EVENTO<\/strong><\/a><\/div>\n<\/div>\n\n\n\n<p class=\"has-text-align-center has-medium-font-size\"><\/p>\n\n\n\n\n\n<div class=\"wp-block-contact-form-7-contact-form-selector formPopup1\">\n\n<div class=\"wpcf7 no-js\" id=\"wpcf7-f104412-o1\" lang=\"it-IT\" dir=\"ltr\">\n<div class=\"screen-reader-response\"><p role=\"status\" aria-live=\"polite\" aria-atomic=\"true\"><\/p> <ul><\/ul><\/div>\n<form action=\"\/es\/wp-json\/wp\/v2\/posts\/108891#wpcf7-f104412-o1\" method=\"post\" class=\"wpcf7-form init\" aria-label=\"Modulo di contatto\" novalidate=\"novalidate\" data-status=\"init\">\n<div style=\"display: none;\">\n<input type=\"hidden\" name=\"_wpcf7\" value=\"104412\" \/>\n<input type=\"hidden\" name=\"_wpcf7_version\" value=\"5.8.7\" \/>\n<input type=\"hidden\" name=\"_wpcf7_locale\" value=\"it_IT\" \/>\n<input type=\"hidden\" name=\"_wpcf7_unit_tag\" value=\"wpcf7-f104412-o1\" \/>\n<input type=\"hidden\" name=\"_wpcf7_container_post\" value=\"0\" \/>\n<input type=\"hidden\" name=\"_wpcf7_posted_data_hash\" value=\"\" \/>\n<input type=\"hidden\" name=\"_wpcf7cf_hidden_group_fields\" value=\"[]\" \/>\n<input type=\"hidden\" name=\"_wpcf7cf_hidden_groups\" value=\"[]\" \/>\n<input type=\"hidden\" name=\"_wpcf7cf_visible_groups\" value=\"[]\" \/>\n<input type=\"hidden\" name=\"_wpcf7cf_repeaters\" value=\"[]\" \/>\n<input type=\"hidden\" name=\"_wpcf7cf_steps\" value=\"{}\" \/>\n<input type=\"hidden\" name=\"_wpcf7cf_options\" value=\"{&quot;form_id&quot;:104412,&quot;conditions&quot;:[{&quot;then_field&quot;:&quot;group-747&quot;,&quot;and_rules&quot;:[{&quot;if_field&quot;:&quot;partecipa&quot;,&quot;operator&quot;:&quot;equals&quot;,&quot;if_value&quot;:&quot;SI&quot;}]}],&quot;settings&quot;:{&quot;animation&quot;:&quot;yes&quot;,&quot;animation_intime&quot;:200,&quot;animation_outtime&quot;:200,&quot;conditions_ui&quot;:&quot;normal&quot;,&quot;notice_dismissed&quot;:false,&quot;notice_dismissed_update-cf7-5.9.3&quot;:true}}\" \/>\n<input type=\"hidden\" name=\"_wpcf7_recaptcha_response\" value=\"\" \/>\n<\/div>\n<style>\n.psgSelectBlack{\n color:black;\n}\n.psgSelectLightgrey{\n color:lightgrey;\n}\n<\/style>\n<div class=\"txt_centrato\">\n\t<p><img decoding=\"async\" class=\"border-radius-0\" src=\"\/wp-content\/uploads\/2023\/05\/Frame.svg\" alt=\"Gobidreal.it\" \/>\n\t<\/p>\n\t<p class=\"titolo3\" style=\"margin-bottom: 10px;\">Compila il seguente form per iscriverti al convegno<br \/>\nRiceverai subito una mail di conferma.\n\t<\/p>\n\t<p class=\"titolo\">CONVEGNO\n\t<\/p>\n\t<p class=\"titolo\">La composizione negoziata. Ambiti e profili di operativit\u00e0.\n\t<\/p>\n\t<p class=\"titolo2\">31 MAGGIO 2024 PORTO SAN GIORGIO (FM)\n\t<\/p>\n<\/div>\n<div class=\"griglia_campi\">\n\t<p><span class=\"wpcf7-form-control-wrap\" data-name=\"nome\"><input size=\"40\" class=\"wpcf7-form-control wpcf7-text wpcf7-validates-as-required\" aria-required=\"true\" aria-invalid=\"false\" placeholder=\"NOME *\" value=\"\" type=\"text\" name=\"nome\" \/><\/span>\n\t<\/p>\n\t<p><span class=\"wpcf7-form-control-wrap\" data-name=\"cognome\"><input size=\"40\" class=\"wpcf7-form-control wpcf7-text wpcf7-validates-as-required\" aria-required=\"true\" aria-invalid=\"false\" placeholder=\"COGNOME *\" value=\"\" type=\"text\" name=\"cognome\" \/><\/span>\n\t<\/p>\n\t<p><span class=\"wpcf7-form-control-wrap\" data-name=\"titolo\"><select class=\"wpcf7-form-control wpcf7-select wpcf7-validates-as-required\" id=\"titolo\" aria-required=\"true\" aria-invalid=\"false\" name=\"titolo\"><option value=\"\">&#8212;Seleziona un&#039;opzione&#8212;<\/option><option value=\"avvocato\">avvocato<\/option><option value=\"commercialista\">commercialista<\/option><option value=\"dott. \/ dott.ssa\">dott. \/ dott.ssa<\/option><option value=\"ragioniere\">ragioniere<\/option><option value=\"altro\">altro<\/option><\/select><\/span>\n\t<\/p>\n\t<p><span class=\"wpcf7-form-control-wrap\" data-name=\"studio\"><input size=\"40\" class=\"wpcf7-form-control wpcf7-text wpcf7-validates-as-required\" aria-required=\"true\" aria-invalid=\"false\" placeholder=\"ORDINE APPARTENENZA *\" value=\"\" type=\"text\" name=\"studio\" \/><\/span>\n\t<\/p>\n\t<p style=\"float: left;width: 96%;margin: 10px 2%;font-weight: bold;background-color: lightgrey;border-radius: 10px;padding-left: 5px;padding-right: 5px;\"><span class=\"wpcf7-form-control-wrap\" data-name=\"studio\">L'iscrizione \u00e8 strettamente personale: utilizza una mail differente per ogni singola iscrizione (es. nel caso di persone dello stesso studio professionale)<\/span>\n\t<\/p>\n\t<p><span class=\"wpcf7-form-control-wrap\" data-name=\"email\"><input size=\"40\" class=\"wpcf7-form-control wpcf7-email wpcf7-validates-as-required wpcf7-text wpcf7-validates-as-email\" aria-required=\"true\" aria-invalid=\"false\" placeholder=\"MAIL *\" value=\"\" type=\"email\" name=\"email\" \/><\/span>\n\t<\/p>\n\t<p><span class=\"wpcf7-form-control-wrap\" data-name=\"telefono\"><input size=\"40\" class=\"wpcf7-form-control wpcf7-tel wpcf7-text wpcf7-validates-as-tel\" aria-invalid=\"false\" placeholder=\"TELEFONO\" value=\"\" type=\"tel\" name=\"telefono\" \/><\/span>\n\t<\/p>\n<\/div>\n<p><b>Partecipo alla cena di gala, offerta dallo sponsor, che si terr\u00e0 presso Villa Bonaparte a conclusione del convegno <\/b><br \/>\n<span class=\"wpcf7-form-control-wrap\" data-name=\"partecipa\"><span class=\"wpcf7-form-control wpcf7-radio\"><span class=\"wpcf7-list-item first\"><span class=\"wpcf7-list-item-label\">SI<\/span><input type=\"radio\" name=\"partecipa\" value=\"SI\" \/><\/span><span class=\"wpcf7-list-item last\"><span class=\"wpcf7-list-item-label\">NO<\/span><input type=\"radio\" name=\"partecipa\" value=\"NO\" \/><\/span><\/span><\/span>\n<\/p>\n<div data-id=\"group-747\" data-orig_data_id=\"group-747\"  data-class=\"wpcf7cf_group\">\n\t<p><b>Partecipo alla cena di gala con uno o pi\u00f9 accompagnatori<\/b><span class=\"wpcf7-form-control-wrap\" data-name=\"accompagnatore\"><span class=\"wpcf7-form-control wpcf7-radio\"><span class=\"wpcf7-list-item first\"><span class=\"wpcf7-list-item-label\">SI<\/span><input type=\"radio\" name=\"accompagnatore\" value=\"SI\" \/><\/span><span class=\"wpcf7-list-item last\"><span class=\"wpcf7-list-item-label\">NO<\/span><input type=\"radio\" name=\"accompagnatore\" value=\"NO\" \/><\/span><\/span><\/span>\n\t<\/p>\n<\/div>\n<p><label><span class=\"wpcf7-form-control-wrap\" data-name=\"accettazione\"><span class=\"wpcf7-form-control wpcf7-acceptance\"><span class=\"wpcf7-list-item\"><input type=\"checkbox\" name=\"accettazione\" value=\"1\" aria-invalid=\"false\" \/><\/span><\/span><\/span> Accetto la <a href=\"https:\/\/dev.gobidgroup.com\/privacy\" target=\"_blank\" class=\"rm-form-link\">privacy policy<\/a><\/label>\n<\/p>\n<div>\n\t<p><input class=\"wpcf7-form-control wpcf7-submit has-spinner\" type=\"submit\" value=\"ISCRIVITI\" \/>\n\t<\/p>\n<\/div>\n<p><script>\njQuery('select[name=titolo] > option:first-child')\n .text('TITOLO *');\njQuery('select[name=titolo]').addClass(\"psgSelectLightgrey\");\t\njQuery('select[name=titolo] > option').addClass(\"psgSelectBlack\");\n\njQuery(\"#titolo\").change(function(){ \n \n\tif(jQuery('select[name=titolo] > option:selected').val().length > 0){\n\t jQuery('select[name=titolo]').removeClass(\"psgSelectLightgrey\");\t\n\t\t jQuery('select[name=titolo]').addClass(\"psgSelectBlack\");\t\n\t}else{\n\t\tjQuery('select[name=titolo]').removeClass(\"psgSelectBlack\");\t\n\t\tjQuery('select[name=titolo]').addClass(\"psgSelectLightgrey\");\n\t}\n\n});\n\n<\/script>\n<\/p><div class=\"wpcf7-response-output\" aria-hidden=\"true\"><\/div>\n<\/form>\n<\/div>\n\n<svg xmlns=\"http:\/\/www.w3.org\/2000\/svg\" viewBox=\"0 0 24 24\" class=\"close\" onclick=\"jQuery('.formPopup1').fadeOut()\"><path d=\"M12,20C7.59,20 4,16.41 4,12C4,7.59 7.59,4 12,4C16.41,4 20,7.59 20,12C20,16.41 16.41,20 12,20M12,2C6.47,2 2,6.47 2,12C2,17.53 6.47,22 12,22C17.53,22 22,17.53 22,12C22,6.47 17.53,2 12,2M14.59,8L12,10.59L9.41,8L8,9.41L10.59,12L8,14.59L9.41,16L12,13.41L14.59,16L16,14.59L13.41,12L16,9.41L14.59,8Z\" \/><\/svg>\n<\/div>\n","protected":false},"excerpt":{"rendered":"<p>Grupo Gobid organiza como patrocinador principal una convenci\u00f3n dedicada a los profesionales de la venta judicial.<\/p>\n","protected":false},"author":13,"featured_media":108899,"comment_status":"open","ping_status":"open","sticky":false,"template":"","format":"standard","meta":{"_seopress_robots_primary_cat":"none","om_disable_all_campaigns":false,"_monsterinsights_skip_tracking":false,"_monsterinsights_sitenote_active":false,"_monsterinsights_sitenote_note":"","_monsterinsights_sitenote_category":0,"_uf_show_specific_survey":0,"_uf_disable_surveys":false,"footnotes":""},"categories":[445,436],"tags":[504,474,469],"aioseo_notices":[],"_links":{"self":[{"href":"https:\/\/dev.gobidgroup.com\/es\/wp-json\/wp\/v2\/posts\/108891"}],"collection":[{"href":"https:\/\/dev.gobidgroup.com\/es\/wp-json\/wp\/v2\/posts"}],"about":[{"href":"https:\/\/dev.gobidgroup.com\/es\/wp-json\/wp\/v2\/types\/post"}],"author":[{"embeddable":true,"href":"https:\/\/dev.gobidgroup.com\/es\/wp-json\/wp\/v2\/users\/13"}],"replies":[{"embeddable":true,"href":"https:\/\/dev.gobidgroup.com\/es\/wp-json\/wp\/v2\/comments?post=108891"}],"version-history":[{"count":3,"href":"https:\/\/dev.gobidgroup.com\/es\/wp-json\/wp\/v2\/posts\/108891\/revisions"}],"predecessor-version":[{"id":109348,"href":"https:\/\/dev.gobidgroup.com\/es\/wp-json\/wp\/v2\/posts\/108891\/revisions\/109348"}],"wp:featuredmedia":[{"embeddable":true,"href":"https:\/\/dev.gobidgroup.com\/es\/wp-json\/wp\/v2\/media\/108899"}],"wp:attachment":[{"href":"https:\/\/dev.gobidgroup.com\/es\/wp-json\/wp\/v2\/media?parent=108891"}],"wp:term":[{"taxonomy":"category","embeddable":true,"href":"https:\/\/dev.gobidgroup.com\/es\/wp-json\/wp\/v2\/categories?post=108891"},{"taxonomy":"post_tag","embeddable":true,"href":"https:\/\/dev.gobidgroup.com\/es\/wp-json\/wp\/v2\/tags?post=108891"}],"curies":[{"name":"wp","href":"https:\/\/api.w.org\/{rel}","templated":true}]}}