{"id":108874,"date":"2024-06-14T11:50:04","date_gmt":"2024-06-14T09:50:04","guid":{"rendered":"https:\/\/dev.gobidgroup.com\/?p=108874"},"modified":"2025-02-14T12:07:02","modified_gmt":"2025-02-14T10:07:02","slug":"finaliza-el-master-corto-avellino","status":"publish","type":"post","link":"https:\/\/dev.gobidgroup.com\/es\/finaliza-el-master-corto-avellino\/","title":{"rendered":"Finaliza el Master Corto Avellino"},"content":{"rendered":"\n<p><strong>Un recorrido formativo de alto nivel el ofrecido por el Short Master de Avellino<\/strong>, un ciclo de <strong>once encuentros<\/strong> que concluy\u00f3 el <strong>14 de junio<\/strong>, organizado por el <strong>Orden de Doctores Comercialistas y Expertos Contables<\/strong> junto con el <strong>Orden de Abogados de Avellino<\/strong>, en convenio con la <strong>Universidad de Estudios de Salerno<\/strong>. Una iniciativa valiosa dedicada al <strong>tema central de la Crisis Empresarial y la Insolvencia<\/strong>, en la que <strong>Gobid Group<\/strong> tuvo el honor de participar como <strong>main sponsor<\/strong>, reafirmando una vez m\u00e1s su compromiso con la <strong>formaci\u00f3n y actualizaci\u00f3n de los profesionales de las ventas judiciales<\/strong>. La participaci\u00f3n en el <strong>Short Master<\/strong> brind\u00f3 la posibilidad de inscribirse en el <strong>Registro de sujetos encargados por la Autoridad Judicial para las funciones de gesti\u00f3n y control en los procedimientos regulados en el C\u00f3digo de la Crisis y la Insolvencia<\/strong>. Adem\u00e1s, el curso tuvo validez para el <strong>cumplimiento formativo<\/strong> de acuerdo con el <strong>art\u00edculo 4, apartado 5, letras b) y d) del DM 202\/2014<\/strong>.<\/p>\n\n\n\n<p>La edici\u00f3n <strong>2024 fue un verdadero \u00e9xito<\/strong>, registrando incluso el <strong>&#8220;sold out&#8221;<\/strong> al alcanzarse el n\u00famero m\u00e1ximo de participantes. A lo largo de las sesiones, intervinieron <strong>ponentes destacados<\/strong> del \u00e1mbito <strong>acad\u00e9mico, jur\u00eddico y de la Magistratura<\/strong>. El evento se celebr\u00f3 con el <strong>patrocinio de Ance Avellino, la C\u00e1mara de Comercio IrpiniaSannio y Confindustria Avellino<\/strong>.<\/p>\n\n\n\n<p>El <strong>enfoque en la evoluci\u00f3n y el estado actual de la normativa sobre la crisis empresarial<\/strong> abri\u00f3 oficialmente el <strong>Short Master<\/strong> el pasado <strong>9 de febrero<\/strong>. Entre los temas tratados en la primera jornada se abordaron la <strong>insolvencia y el sobreendeudamiento<\/strong>, as\u00ed como el <strong>art\u00edculo 3 del C\u00f3digo de la Crisis<\/strong>, que introduce una <strong>nueva cultura de prevenci\u00f3n<\/strong> y la necesidad de <strong>adecuadas estructuras organizativas<\/strong>.<\/p>\n\n\n\n<p>Discutieron sobre estos temas:<\/p>\n\n\n\n<p>En los encuentros del <strong>16 y 22 de febrero<\/strong>, el tema central fue la <strong>composici\u00f3n negociada de la crisis<\/strong>, con especial atenci\u00f3n a la <strong>plataforma \u00fanica nacional<\/strong>, el <strong>concordato simplificado<\/strong> y las <strong>notificaciones para la detecci\u00f3n temprana de la crisis<\/strong>.<\/p>\n\n\n\n<p>Intervinieron:<\/p>\n\n\n\n<ul>\n<li><strong>Prof. Abg. Claudio Cecchella<\/strong>, Profesor Ordinario de <strong>Derecho Procesal Civil en la Universidad de Pisa<\/strong><\/li>\n\n\n\n<li><strong>Abg. Anna Pappalardo<\/strong>, Doctora en <strong>Crisis Empresarial por la Universidad de Pisa<\/strong><\/li>\n\n\n\n<li><strong>Dra. Sara Serretiello<\/strong>, Jueza Delegada del <strong>Tribunal de Salerno<\/strong><\/li>\n\n\n\n<li><strong>Dr. Tommaso Nigro<\/strong>, Doctor Comercialista experto en <strong>Crisis Empresarial<\/strong><\/li>\n<\/ul>\n\n\n\n<figure class=\"wp-block-image size-large is-resized\"><img loading=\"lazy\" decoding=\"async\" width=\"1024\" height=\"410\" src=\"https:\/\/dev.gobidgroup.com\/wp-content\/uploads\/2024\/06\/copertina-news-sito-gobidgroup-68-hd-enhance-2x-faceai-1024x410.jpeg\" alt=\"\" class=\"wp-image-105155\" style=\"width:1200px\" srcset=\"https:\/\/dev.gobidgroup.com\/wp-content\/uploads\/2024\/06\/copertina-news-sito-gobidgroup-68-hd-enhance-2x-faceai-1024x410.jpeg 1024w, https:\/\/dev.gobidgroup.com\/wp-content\/uploads\/2024\/06\/copertina-news-sito-gobidgroup-68-hd-enhance-2x-faceai-300x120.jpeg 300w, https:\/\/dev.gobidgroup.com\/wp-content\/uploads\/2024\/06\/copertina-news-sito-gobidgroup-68-hd-enhance-2x-faceai-768x307.jpeg 768w, https:\/\/dev.gobidgroup.com\/wp-content\/uploads\/2024\/06\/copertina-news-sito-gobidgroup-68-hd-enhance-2x-faceai-1536x614.jpeg 1536w, https:\/\/dev.gobidgroup.com\/wp-content\/uploads\/2024\/06\/copertina-news-sito-gobidgroup-68-hd-enhance-2x-faceai-2048x819.jpeg 2048w\" sizes=\"(max-width: 1024px) 100vw, 1024px\" \/><figcaption class=\"wp-element-caption\">La Sala Convegni della Camera di Commercio Irpinia Sannio<\/figcaption><\/figure>\n\n\n\n<p><strong>Espacio tambi\u00e9n para los instrumentos de regulaci\u00f3n de la crisis de insolvencia<\/strong>, durante las jornadas del <strong>8 y 22 de marzo y del 5 de abril<\/strong>. Se discuti\u00f3, en particular, sobre <strong>la apertura de los procedimientos del CCII<\/strong>, los <strong>principios y presupuestos procesales<\/strong>, junto con el <strong>plan certificado de saneamiento<\/strong>, para luego abordar el tema de los <strong>acuerdos y del plan de reestructuraci\u00f3n<\/strong>, concluyendo con los <strong>procedimientos de composici\u00f3n de la crisis por sobreendeudamiento y de liquidaci\u00f3n controlada<\/strong>.<\/p>\n\n\n\n<p>Los temas de gran actualidad fueron abordados por:<\/p>\n\n\n\n<ul>\n<li><strong>Prof. Vincenzo Donativi<\/strong>, Profesor Ordinario de <strong>Derecho Comercial en la Universidad LUM-Giuseppe Degennaro y en la Universidad LUISS &#8220;Guido Carli&#8221;<\/strong><\/li>\n\n\n\n<li><strong>Dr. Giorgio Jachia<\/strong>, Presidente de la <strong>Secci\u00f3n Concursal del Tribunal de Salerno<\/strong><\/li>\n\n\n\n<li><strong>Prof. Raffaele D\u2019Alessio<\/strong>, Profesor Ordinario de <strong>Econom\u00eda Empresarial en la Universidad de Salerno<\/strong>, Doctor Comercialista<\/li>\n\n\n\n<li><strong>Prof. Luca Sensini<\/strong>, Profesor Asociado de <strong>Econom\u00eda Empresarial en la Universidad de Salerno<\/strong>, Doctor Comercialista<\/li>\n\n\n\n<li><strong>Prof. Abg. Nicola Rocco di Torrepadula<\/strong>, Profesor Ordinario de <strong>Derecho Comercial en la Universidad de Salerno<\/strong><\/li>\n\n\n\n<li><strong>Dr. Pasquale Russolillo<\/strong>, Juez Delegado del <strong>Tribunal de Avellino<\/strong><\/li>\n\n\n\n<li><strong>Dr. Luigi Pagliuca<\/strong>, Juez Delegado del <strong>Tribunal de Verona<\/strong><\/li>\n<\/ul>\n\n\n\n<p>La <strong>liquidaci\u00f3n judicial<\/strong> fue el tema central de la <strong>s\u00e9ptima jornada del m\u00e1ster<\/strong>, con la participaci\u00f3n de:<\/p>\n\n\n\n<ul>\n<li><strong>Prof. Abg. Giovanni Capo<\/strong>, Profesor Ordinario de <strong>Derecho Comercial en la Universidad de Salerno<\/strong><\/li>\n\n\n\n<li><strong>Prof. Abg. Bruno Meoli<\/strong>, Profesor Ordinario de <strong>Sistemas Jur\u00eddicos Comparados en la Universidad de Salerno<\/strong><\/li>\n<\/ul>\n\n\n\n<p>El curso continu\u00f3 con la <strong>liquidaci\u00f3n coactiva y administrativa<\/strong>, el <strong>3 de mayo<\/strong>, con los ponentes:<\/p>\n\n\n\n<ul>\n<li><strong>Prof. Abg. Niccol\u00f2 Abriani<\/strong>, Profesor Ordinario de <strong>Derecho Comercial en la Universidad de Florencia<\/strong><\/li>\n\n\n\n<li><strong>Prof. Abg. Lorenzo Benedetti<\/strong>, Investigador Senior en <strong>Derecho Comercial y Docente de &#8220;Empresa en crisis&#8221; en la Universidad de Pisa<\/strong><\/li>\n<\/ul>\n\n\n\n<p>La <strong>tem\u00e1tica del sobreendeudamiento<\/strong> fue abordada en el <strong>m\u00f3dulo del 10 de mayo<\/strong> por:<\/p>\n\n\n\n<ul>\n<li><strong>Dra. Silvia Bianchi<\/strong>, Presidenta de la <strong>Secci\u00f3n Especializada en Materia de Empresa del Tribunal de Venecia<\/strong><\/li>\n\n\n\n<li><strong>Dra. Caterina Carrer<\/strong>, Doctora Comercialista experta en <strong>Crisis Empresarial<\/strong><\/li>\n<\/ul>\n\n\n\n<p>Mientras que la <strong>finalizaci\u00f3n del procedimiento en el \u00e1mbito de la liquidaci\u00f3n judicial<\/strong> fue analizada por:<\/p>\n\n\n\n<ul>\n<li><strong>Prof. Dra. Stefania Pacchi<\/strong>, ex Profesora Ordinaria de <strong>Derecho Comercial en la Universidad de Siena \u2013 C\u00e1tedra de Excelencia Carlos 3 UCM \u2013 Banco Santander<\/strong><\/li>\n\n\n\n<li><strong>Dr. Walter Palermo<\/strong>, Profesor Contratado de <strong>Revisi\u00f3n Contable en la Universidad de Sannio<\/strong> y Doctor Comercialista<\/li>\n<\/ul>\n\n\n\n<p>El <strong>ciclo de encuentros formativos<\/strong> se cerr\u00f3 con el an\u00e1lisis de las <strong>disposiciones en materia fiscal y penal (T\u00edtulo IV y IX del CCII)<\/strong>, el <strong>14 de junio<\/strong>.<\/p>\n\n\n\n<p>Sobre estos temas discutieron:<\/p>\n\n\n\n<ul>\n<li><strong>Dr. Giulio Andreani<\/strong>, Responsable de <strong>Fiscalidad de la Crisis en PwC Tax &amp; Legal<\/strong> y Doctor Comercialista<\/li>\n\n\n\n<li><strong>Abg. Penalista Luigi Petrillo<\/strong><\/li>\n<\/ul>\n\n\n\n<p><strong>Nuestra participaci\u00f3n como <strong>main sponsor<\/strong> nos permiti\u00f3 <strong>intercambiar ideas con los profesionales y recopilar aportes interesantes para la actualizaci\u00f3n de nuestros equipos<\/strong>.<\/strong><\/p>\n\n\n\n<figure class=\"wp-block-image size-large is-resized\"><img loading=\"lazy\" decoding=\"async\" width=\"1024\" height=\"410\" src=\"https:\/\/dev.gobidgroup.com\/wp-content\/uploads\/2024\/06\/copertina-news-sito-gobidgroup-67-hd-enhance-2x-faceai-1024x410.jpeg\" alt=\"\" class=\"wp-image-105158\" style=\"width:1200px;height:auto\" srcset=\"https:\/\/dev.gobidgroup.com\/wp-content\/uploads\/2024\/06\/copertina-news-sito-gobidgroup-67-hd-enhance-2x-faceai-1024x410.jpeg 1024w, https:\/\/dev.gobidgroup.com\/wp-content\/uploads\/2024\/06\/copertina-news-sito-gobidgroup-67-hd-enhance-2x-faceai-300x120.jpeg 300w, https:\/\/dev.gobidgroup.com\/wp-content\/uploads\/2024\/06\/copertina-news-sito-gobidgroup-67-hd-enhance-2x-faceai-768x307.jpeg 768w, https:\/\/dev.gobidgroup.com\/wp-content\/uploads\/2024\/06\/copertina-news-sito-gobidgroup-67-hd-enhance-2x-faceai-1536x614.jpeg 1536w, https:\/\/dev.gobidgroup.com\/wp-content\/uploads\/2024\/06\/copertina-news-sito-gobidgroup-67-hd-enhance-2x-faceai-2048x819.jpeg 2048w\" sizes=\"(max-width: 1024px) 100vw, 1024px\" \/><figcaption class=\"wp-element-caption\">La mesa del grupo Gobid<\/figcaption><\/figure>\n","protected":false},"excerpt":{"rendered":"<p>El pr\u00f3ximo 14 de junio finaliza el ciclo de encuentros dedicados a Crisis Empresarial y Concursal, donde Grupo Gobid tuvo el honor de participar como patrocinador principal.<\/p>\n","protected":false},"author":13,"featured_media":108878,"comment_status":"open","ping_status":"open","sticky":false,"template":"","format":"standard","meta":{"_seopress_robots_primary_cat":"none","om_disable_all_campaigns":false,"_monsterinsights_skip_tracking":false,"_monsterinsights_sitenote_active":false,"_monsterinsights_sitenote_note":"","_monsterinsights_sitenote_category":0,"_uf_show_specific_survey":0,"_uf_disable_surveys":false,"footnotes":""},"categories":[445,436],"tags":[469],"aioseo_notices":[],"_links":{"self":[{"href":"https:\/\/dev.gobidgroup.com\/es\/wp-json\/wp\/v2\/posts\/108874"}],"collection":[{"href":"https:\/\/dev.gobidgroup.com\/es\/wp-json\/wp\/v2\/posts"}],"about":[{"href":"https:\/\/dev.gobidgroup.com\/es\/wp-json\/wp\/v2\/types\/post"}],"author":[{"embeddable":true,"href":"https:\/\/dev.gobidgroup.com\/es\/wp-json\/wp\/v2\/users\/13"}],"replies":[{"embeddable":true,"href":"https:\/\/dev.gobidgroup.com\/es\/wp-json\/wp\/v2\/comments?post=108874"}],"version-history":[{"count":2,"href":"https:\/\/dev.gobidgroup.com\/es\/wp-json\/wp\/v2\/posts\/108874\/revisions"}],"predecessor-version":[{"id":108890,"href":"https:\/\/dev.gobidgroup.com\/es\/wp-json\/wp\/v2\/posts\/108874\/revisions\/108890"}],"wp:featuredmedia":[{"embeddable":true,"href":"https:\/\/dev.gobidgroup.com\/es\/wp-json\/wp\/v2\/media\/108878"}],"wp:attachment":[{"href":"https:\/\/dev.gobidgroup.com\/es\/wp-json\/wp\/v2\/media?parent=108874"}],"wp:term":[{"taxonomy":"category","embeddable":true,"href":"https:\/\/dev.gobidgroup.com\/es\/wp-json\/wp\/v2\/categories?post=108874"},{"taxonomy":"post_tag","embeddable":true,"href":"https:\/\/dev.gobidgroup.com\/es\/wp-json\/wp\/v2\/tags?post=108874"}],"curies":[{"name":"wp","href":"https:\/\/api.w.org\/{rel}","templated":true}]}}