{"id":108861,"date":"2024-06-21T11:00:37","date_gmt":"2024-06-21T09:00:37","guid":{"rendered":"https:\/\/dev.gobidgroup.com\/?p=108861"},"modified":"2025-02-14T12:57:05","modified_gmt":"2025-02-14T10:57:05","slug":"bergamo-deberes-y-remuneracion-de-los-profesionales-de-crisis-la-conferencia-anual","status":"publish","type":"post","link":"https:\/\/dev.gobidgroup.com\/es\/bergamo-deberes-y-remuneracion-de-los-profesionales-de-crisis-la-conferencia-anual\/","title":{"rendered":"B\u00e9rgamo: Deberes y remuneraci\u00f3n de los profesionales de crisis. La conferencia anual"},"content":{"rendered":"\n<p><strong>Tambi\u00e9n este a\u00f1o participamos como patrocinadores en el congreso de B\u00e9rgamo, organizado por el ODCEC y el Centro Studi Diritto della Crisi, titulado &#8220;Deberes y honorarios de los profesionales de la Crisis&#8221;.<\/strong> La cita es el <strong>21 y 22 de junio<\/strong> en la exclusiva sede del <strong>Teatro Gaetano Donizetti<\/strong>. Profesionales y expertos de renombre del \u00e1mbito <strong>jur\u00eddico y acad\u00e9mico<\/strong> abordar\u00e1n las principales novedades relacionadas con la <strong>composici\u00f3n negociada de la crisis<\/strong>, el <strong>papel de los curadores y profesionales designados en el procedimiento<\/strong>, los <strong>organismos de composici\u00f3n de la crisis<\/strong> y el <strong>liquidador de la liquidaci\u00f3n controlada<\/strong>. Una oportunidad clave para la <strong>actualizaci\u00f3n y profundizaci\u00f3n<\/strong> en la materia para todos los profesionales de las <strong>ventas judiciales<\/strong>. El congreso anual del <strong>ODCEC<\/strong> es tambi\u00e9n una <strong>valiosa ocasi\u00f3n de encuentro y networking<\/strong> entre el mundo <strong>empresarial y judicial<\/strong>.<\/p>\n\n\n\n<p>A continuaci\u00f3n, el programa de las jornadas formativas:<\/p>\n\n\n\n<p><strong>VIERNES 21 DE JUNIO:<\/strong><\/p>\n\n\n\n<ul>\n<li><strong>09:00<\/strong> Saludos institucionales a cargo del <strong>Dr. Francesco Geneletti<\/strong>, Presidente del <strong>Orden de Doctores Comercialistas y Expertos Contables de B\u00e9rgamo<\/strong>, del <strong>Prof. Dr. Elbano de Nuccio<\/strong>, Presidente del <strong>Consejo Nacional de Doctores Comercialistas y Expertos Contables<\/strong>, del <strong>Dr. Cesare De Sapia<\/strong>, Presidente del <strong>Tribunal de B\u00e9rgamo<\/strong>, de la <strong>Prof. Dra. Elisabetta Bani<\/strong>, Vicerrectora con Delegaci\u00f3n para la Tercera Misi\u00f3n y Relaciones con el Territorio (<strong>por confirmar<\/strong>), de la <strong>Dra. Giovanna Ricuperati<\/strong>, Presidenta de <strong>Confindustria B\u00e9rgamo<\/strong>, y del <strong>Abg. Giulio Marchesi<\/strong>, Presidente del <strong>Orden de Abogados de B\u00e9rgamo<\/strong>.<\/li>\n\n\n\n<li><strong>09:30<\/strong> <em>&#8220;De seleccionar alternativas a elegir elegir&#8221;.<\/em> Intervendr\u00e1 <strong>Monse\u00f1or Giulio Dellavite<\/strong>, Delegado Episcopal para Relaciones Institucionales y Eventos Diocesanos.<\/li>\n<\/ul>\n\n\n\n<h3 class=\"wp-block-heading\"><\/h3>\n\n\n\n<p>Primera sesi\u00f3n. <strong>&#8220;El Perito, el Auxiliar, el Comisario y el Liquidador en las CCII&#8221;.<\/strong> El trabajo est\u00e1 coordinado por la Dra. Simona Bonomelli, presidenta del Comit\u00e9 Cient\u00edfico de la Orden de Contadores P\u00fablicos y Peritos Contables de B\u00e9rgamo<\/p>\n\n\n\n<ul>\n<li><strong>09:50<\/strong> <em>&#8220;La composici\u00f3n negociada desde la perspectiva del experto y del auxiliar&#8221;.<\/em> Intervendr\u00e1n <strong>Dr. Marcello Pollio<\/strong>, Doctor Comercialista en <strong>G\u00e9nova<\/strong>, y <strong>Dr. Riccardo Ranalli<\/strong>, Doctor Comercialista en <strong>Tur\u00edn<\/strong>.<\/li>\n\n\n\n<li><strong>10:45<\/strong> <em>&#8220;La figura del comisario en el marco de los diferentes instrumentos&#8221;.<\/em> Con <strong>Dr. Alessandro Danovi<\/strong>, Asociado de <strong>Derecho Comercial en la Universidad de B\u00e9rgamo<\/strong>, y <strong>Dr. Salvo Leuzzi<\/strong>, Consejero de la <strong>Corte Suprema de Casaci\u00f3n<\/strong>.<\/li>\n\n\n\n<li><strong>11:40<\/strong> <em>&#8220;Funciones y prerrogativas del liquidador judicial entre concordato preventivo y concordato simplificado&#8221;.<\/em> Ponentes: <strong>Dr. Bruno Conca<\/strong>, Juez en el <strong>Tribunal de B\u00e9rgamo<\/strong>, y <strong>Prof. Dra. Ilaria Pagni<\/strong>, Ordinaria de <strong>Derecho Procesal Civil en la Universidad de Florencia<\/strong>.<\/li>\n\n\n\n<li><strong>12:35<\/strong> <em>&#8220;Los honorarios de los \u00f3rganos y asesores en los concordatos&#8221;.<\/em> Intervendr\u00e1n <strong>Dr. Giovanni Nardecchia<\/strong>, Fiscal General Adjunto en la <strong>Suprema Corte de Casaci\u00f3n<\/strong>, y <strong>Dr. Alessandro Solidoro<\/strong>, Doctor Comercialista en <strong>Mil\u00e1n<\/strong>.<\/li>\n<\/ul>\n\n\n\n<p>Segunda Sesi\u00f3n.<strong> \u201cEl Curador y los Profesionales designados en el procedimiento\u201d<\/strong>. El trabajo est\u00e1 coordinado por la Dra. Laura De Simone, Presidenta de la Secci\u00f3n del Tribunal de Mil\u00e1n<\/p>\n\n\n\n<ul>\n<li>14.45 h \u201cEl papel del comisario entre confirmaciones e innovaciones\u201d. Con el <strong>Dr. Luca Fuzio Juez<\/strong> del Tribunal de B\u00e9rgamo, <strong>Prof. Danilo Galletti<\/strong> Profesor de Derecho Comercial en la Universidad de Trento.<\/li>\n\n\n\n<li>15.40 h \u201cAuxiliares, consultores y comisionistas\u201d. Se enfrentar\u00e1n a la <strong>Dra. Giulia Gabassi<\/strong>, abogada en Udine, y a la<strong> Dra. Antonella Gallotta<\/strong>, contadora p\u00fablica en Ancona.<\/li>\n\n\n\n<li>16.25: &#8220;Los abogados del procedimiento&#8221; con la <strong>Dra. Alida Paluchowski<\/strong>, ex presidenta de la Secci\u00f3n de Quiebras del Tribunal de Mil\u00e1n y el <strong>Prof. Sido Bonfatti<\/strong>, profesor de Derecho de Crisis Empresarial en la Universidad de M\u00f3dena y Reggio Emilia.<\/li>\n\n\n\n<li>17.20 horas \u201cLas cuantificaciones de las indemnizaciones, entre estimaciones y liquidaciones oficiales\u201d. Intervendr\u00e1 el <strong>Dr. Lucio Munaro<\/strong>, juez del Tribunal de Treviso<\/li>\n\n\n\n<li>18:05 &#8220;Asistencia jur\u00eddica jur\u00eddica&#8221; Con el <strong>abogado Alessandro Cainelli<\/strong>, abogado en B\u00e9rgamo.<\/li>\n<\/ul>\n\n\n\n<figure class=\"wp-block-image size-large is-resized\"><img loading=\"lazy\" decoding=\"async\" width=\"1024\" height=\"410\" src=\"https:\/\/dev.gobidgroup.com\/wp-content\/uploads\/2024\/06\/copertina-news-sito-gobidgroup-71-hd-enhance-2x-2-1024x410.jpeg\" alt=\"\" class=\"wp-image-105256\" style=\"width:1200px;height:auto\" srcset=\"https:\/\/dev.gobidgroup.com\/wp-content\/uploads\/2024\/06\/copertina-news-sito-gobidgroup-71-hd-enhance-2x-2-1024x410.jpeg 1024w, https:\/\/dev.gobidgroup.com\/wp-content\/uploads\/2024\/06\/copertina-news-sito-gobidgroup-71-hd-enhance-2x-2-300x120.jpeg 300w, https:\/\/dev.gobidgroup.com\/wp-content\/uploads\/2024\/06\/copertina-news-sito-gobidgroup-71-hd-enhance-2x-2-768x307.jpeg 768w, https:\/\/dev.gobidgroup.com\/wp-content\/uploads\/2024\/06\/copertina-news-sito-gobidgroup-71-hd-enhance-2x-2-1536x614.jpeg 1536w, https:\/\/dev.gobidgroup.com\/wp-content\/uploads\/2024\/06\/copertina-news-sito-gobidgroup-71-hd-enhance-2x-2-2048x819.jpeg 2048w\" sizes=\"(max-width: 1024px) 100vw, 1024px\" \/><figcaption class=\"wp-element-caption\">El Teatro Donizetti de B\u00e9rgamo, sede del congreso.<\/figcaption><\/figure>\n\n\n\n<p><strong>S\u00c1BADO 22 DE JUNIO:<\/strong><\/p>\n\n\n\n<p>Tercera Sesi\u00f3n. <strong>\u201cLos organismos de composici\u00f3n de la crisis y el liquidador de la liquidaci\u00f3n controlada\u201d<\/strong> Coordina los trabajos el Dr. Vittorio Zanichelli, ex Presidente del Tribunal de M\u00f3dena.<\/p>\n\n\n\n<ul>\n<li><strong>09:30<\/strong> <em>&#8220;Actividad y remuneraci\u00f3n del OCC&#8221;.<\/em> Con el <strong>Dr. Giuseppe Rana<\/strong>, Presidente de la <strong>Secci\u00f3n de Crisis Empresarial del Tribunal de Trani<\/strong>, y el <strong>Dr. Giannino Bettazzi<\/strong>, Abogado en <strong>Mil\u00e1n<\/strong>.<\/li>\n\n\n\n<li><strong>10:30<\/strong> <em>&#8220;El liquidador, naturaleza anfibia del cargo y estructura de tareas y controles&#8221;.<\/em> Intervendr\u00e1n la <strong>Dra. Antonia Mussa<\/strong>, Jueza en el <strong>Tribunal de Tur\u00edn<\/strong>, el <strong>Dr. Abg. Francesco Angeli<\/strong>, Doctor Comercialista en <strong>Terni<\/strong>, y el <strong>Abg. Filippo D\u2019Amore<\/strong>, Colaborador y especialista en la materia en las c\u00e1tedras de <strong>Derecho Comercial en la Universidad de B\u00e9rgamo<\/strong>.<\/li>\n\n\n\n<li><strong>11:30<\/strong> <em>&#8220;Pluralidad de fases del sobreendeudamiento y parametrizaci\u00f3n unitaria de la remuneraci\u00f3n&#8221;.<\/em> Intervendr\u00e1n la <strong>Dra. Anna Rita Pasca<\/strong>, Presidenta de la <strong>Secci\u00f3n de Crisis Empresarial del Tribunal de Lecce<\/strong>, y el <strong>Dr. Astorre Mancini<\/strong>, Abogado en <strong>R\u00edmini<\/strong>.<\/li>\n\n\n\n<li><strong>12:30<\/strong> <em>Relaci\u00f3n de s\u00edntesis y clausura de los trabajos<\/em> con la presencia de la <strong>Dra. Simona D\u2019Alessio<\/strong>, Periodista Prof., y el <strong>Dr. Elbano de Nuccio<\/strong>, Presidente del <strong>Consejo Nacional de Doctores Comercialistas y Expertos Contables<\/strong>.<\/li>\n<\/ul>\n\n\n\n<h3 class=\"wp-block-heading\"><\/h3>\n","protected":false},"excerpt":{"rendered":"<p>Tambi\u00e9n este a\u00f1o participamos como patrocinadores en la conferencia de B\u00e9rgamo organizada por la ODCEC y el Centro de Estudios de Derecho de Crisis los d\u00edas 21 y 22 de junio.<\/p>\n","protected":false},"author":13,"featured_media":108865,"comment_status":"open","ping_status":"open","sticky":false,"template":"","format":"standard","meta":{"_seopress_robots_primary_cat":"none","om_disable_all_campaigns":false,"_monsterinsights_skip_tracking":false,"_monsterinsights_sitenote_active":false,"_monsterinsights_sitenote_note":"","_monsterinsights_sitenote_category":0,"_uf_show_specific_survey":0,"_uf_disable_surveys":false,"footnotes":""},"categories":[445,436],"tags":[504,469],"aioseo_notices":[],"_links":{"self":[{"href":"https:\/\/dev.gobidgroup.com\/es\/wp-json\/wp\/v2\/posts\/108861"}],"collection":[{"href":"https:\/\/dev.gobidgroup.com\/es\/wp-json\/wp\/v2\/posts"}],"about":[{"href":"https:\/\/dev.gobidgroup.com\/es\/wp-json\/wp\/v2\/types\/post"}],"author":[{"embeddable":true,"href":"https:\/\/dev.gobidgroup.com\/es\/wp-json\/wp\/v2\/users\/13"}],"replies":[{"embeddable":true,"href":"https:\/\/dev.gobidgroup.com\/es\/wp-json\/wp\/v2\/comments?post=108861"}],"version-history":[{"count":11,"href":"https:\/\/dev.gobidgroup.com\/es\/wp-json\/wp\/v2\/posts\/108861\/revisions"}],"predecessor-version":[{"id":109366,"href":"https:\/\/dev.gobidgroup.com\/es\/wp-json\/wp\/v2\/posts\/108861\/revisions\/109366"}],"wp:featuredmedia":[{"embeddable":true,"href":"https:\/\/dev.gobidgroup.com\/es\/wp-json\/wp\/v2\/media\/108865"}],"wp:attachment":[{"href":"https:\/\/dev.gobidgroup.com\/es\/wp-json\/wp\/v2\/media?parent=108861"}],"wp:term":[{"taxonomy":"category","embeddable":true,"href":"https:\/\/dev.gobidgroup.com\/es\/wp-json\/wp\/v2\/categories?post=108861"},{"taxonomy":"post_tag","embeddable":true,"href":"https:\/\/dev.gobidgroup.com\/es\/wp-json\/wp\/v2\/tags?post=108861"}],"curies":[{"name":"wp","href":"https:\/\/api.w.org\/{rel}","templated":true}]}}