{"id":108787,"date":"2024-11-13T16:25:18","date_gmt":"2024-11-13T14:25:18","guid":{"rendered":"https:\/\/dev.gobidgroup.com\/?p=108787"},"modified":"2025-02-14T11:46:22","modified_gmt":"2025-02-14T09:46:22","slug":"padovagora-2024-el-decimo-aniversario-dedicado-a-la-crisis-empresarial","status":"publish","type":"post","link":"https:\/\/dev.gobidgroup.com\/es\/padovagora-2024-el-decimo-aniversario-dedicado-a-la-crisis-empresarial\/","title":{"rendered":"PadovAgor\u00e0 2024: el d\u00e9cimo aniversario dedicado a la crisis empresarial"},"content":{"rendered":"\n<p>Los d\u00edas <strong>14 y 15 de noviembre tendr\u00e1 lugar el Congreso Nacional &#8220;PadovAgor\u00e0&#8221;<\/strong>, que se ha convertido en un <strong>referente nacional para todos los profesionales de las crisis empresariales<\/strong> y llega a su <strong>d\u00e9cimo aniversario<\/strong>. Con motivo de este importante aniversario, el evento tendr\u00e1 lugar en dos prestigiosos lugares de la ciudad veneciana: <strong>el hist\u00f3rico Caff\u00e8 Pedrocchi y la sugerente Villa Borromeo en Sarmeola di Rubano (PD)<\/strong>. Ser\u00e1n dos d\u00edas intensos y llenos de reflexiones sobre el tema central de la conferencia &#8220;Empresas, banca y profesiones en la crisis empresarial. El papel de los profesionales entre cambios regulatorios, responsabilidades y oportunidades&#8221;. Gobid Group se complace en renovar su colaboraci\u00f3n como patrocinador principal de este prestigioso evento, con motivo de su d\u00e9cimo aniversario.<\/p>\n\n\n\n<p>La conferencia nacional &#8220;PadovAgor\u00e0&#8221; ser\u00e1 una oportunidad preciosa para debatir y compartir las mejores pr\u00e1cticas en materia de crisis y recuperaci\u00f3n empresarial, para contables, abogados, magistrados y funcionarios bancarios. En el centro del debate estuvieron los principales temas relacionados con el papel de los bancos en el apoyo a las empresas en crisis, el diagn\u00f3stico del estado de crisis y la elecci\u00f3n de las herramientas m\u00e1s adecuadas, el tratamiento de las deudas tributarias y de seguridad social, as\u00ed como las acciones de responsabilidad. Los dos d\u00edas tambi\u00e9n ofrecer\u00e1n importantes elementos de reflexi\u00f3n sobre el papel estrat\u00e9gico de los profesionales como consultores de empresarios y como \u00f3rganos de supervisi\u00f3n, en un contexto regulatorio en constante evoluci\u00f3n.<\/p>\n\n\n\n<div class=\"wp-block-columns is-layout-flex wp-container-core-columns-is-layout-1 wp-block-columns-is-layout-flex\">\n<div class=\"wp-block-column is-layout-flow wp-block-column-is-layout-flow\" style=\"flex-basis:100%\"><\/div>\n<\/div>\n\n\n\n<h2 class=\"wp-block-heading\"><nobr>El papel del banco en el apoyo a una empresa en crisis<\/nobr><\/h2>\n\n\n\n<p>Las <strong>instalaciones del hist\u00f3rico Caff\u00e8 Pedrocchi acoger\u00e1n el primer d\u00eda de la conferencia, el jueves 14 de noviembre<\/strong>. Elbano de Nuccio, presidente del Consejo Nacional de Contadores P\u00fablicos y Peritos Contables, Chiara Marchetto, presidenta de ODCEC Padua y Caterina Santinello, presidenta del Tribunal de Padua, inaugurar\u00e1n oficialmente el debate a las 17.00 horas. La primera sesi\u00f3n estar\u00e1 dedicada <strong>al papel del banco en el apoyo a las empresas en crisis<\/strong>. Lo debatir\u00e1n Giovanni Giuseppe Amenduni, magistrado del Tribunal de Padua, Alberto Bertossi, funcionario de Banca Ifis, Luca Filipponi, abogado en Padua, Alberto Guiotto, contador p\u00fablico en Parma y presidente de la Comisi\u00f3n de Crisis Empresarial del CNDCEC, junto con Antonio Parbonetti, vicerrector y catedr\u00e1tico de econom\u00eda empresarial de la Universidad de Padua, Gianluca Sartori, director central de cr\u00e9dito de Banca Patavina y Mauro. Vitiello, Fiscal General Adjunto del Tribunal de Casaci\u00f3n. Moderado por Marina Manna, contadora p\u00fablica en Padua.<\/p>\n\n\n\n<h2 class=\"wp-block-heading\"><nobr>Del diagn\u00f3stico del estado de crisis al tratamiento de las deudas tributarias y competitivas<\/nobr><\/h2>\n\n\n\n<p>Las habitaciones de la sugerente Villa Borromeo de Sarmeola acoger\u00e1n la segunda jornada de formaci\u00f3n, <strong>el viernes 15 de noviembre. El primer foco de atenci\u00f3n, a las 9.30 horas, se centrar\u00e1 en el &#8220;diagn\u00f3stico del estado de la crisis, la elecci\u00f3n del instrumento m\u00e1s adecuado y el tratamiento de las deudas tributarias y de Seguridad Social&#8221;.<\/strong> El debate ser\u00e1 moderado por Massimo Zappal\u00e0, abogado de Treviso y profesor contratado de Derecho de crisis empresariales en la Universidad de Padua. El tema ser\u00e1 abordado por Giulio Andreani, Of Counsel PwC TLS, Tax Crisis &amp; Restructuring, Paolo Bastia, profesor titular de econom\u00eda empresarial en la Universidad de Bolonia, contador p\u00fablico en Roma, Renato Bogoni, contador p\u00fablico en Padua, Luca Jeantet, abogado, codirector del departamento de reestructuraci\u00f3n de Studio Gianni &amp; Origoni.<\/p>\n\n\n\n<div class=\"wp-block-group\"><div class=\"wp-block-group__inner-container is-layout-constrained wp-block-group-is-layout-constrained\">\n<div class=\"wp-block-columns is-layout-flex wp-container-core-columns-is-layout-2 wp-block-columns-is-layout-flex\">\n<div class=\"wp-block-column is-layout-flow wp-block-column-is-layout-flow\" style=\"flex-basis:100%\">\n<figure class=\"wp-block-gallery has-nested-images columns-default is-cropped wp-block-gallery-1 is-layout-flex wp-block-gallery-is-layout-flex\">\n<figure class=\"wp-block-image size-large\"><img loading=\"lazy\" decoding=\"async\" width=\"1024\" height=\"1021\" src=\"https:\/\/dev.gobidgroup.com\/wp-content\/uploads\/2024\/11\/l-sgKAYH-1024x1021.jpeg\" alt=\"\" class=\"wp-image-106700\" srcset=\"https:\/\/dev.gobidgroup.com\/wp-content\/uploads\/2024\/11\/l-sgKAYH-1024x1021.jpeg 1024w, https:\/\/dev.gobidgroup.com\/wp-content\/uploads\/2024\/11\/l-sgKAYH-300x300.jpeg 300w, https:\/\/dev.gobidgroup.com\/wp-content\/uploads\/2024\/11\/l-sgKAYH-150x150.jpeg 150w, https:\/\/dev.gobidgroup.com\/wp-content\/uploads\/2024\/11\/l-sgKAYH-768x766.jpeg 768w, https:\/\/dev.gobidgroup.com\/wp-content\/uploads\/2024\/11\/l-sgKAYH.jpeg 1280w\" sizes=\"(max-width: 1024px) 100vw, 1024px\" \/><\/figure>\n\n\n\n<figure class=\"wp-block-image size-large\"><img loading=\"lazy\" decoding=\"async\" width=\"1024\" height=\"683\" src=\"https:\/\/dev.gobidgroup.com\/wp-content\/uploads\/2024\/11\/business-entrepreneurship-symposium-speaker-giving-talk-business-meeting-1024x683.jpg\" alt=\"\" class=\"wp-image-106706\" srcset=\"https:\/\/dev.gobidgroup.com\/wp-content\/uploads\/2024\/11\/business-entrepreneurship-symposium-speaker-giving-talk-business-meeting-1024x683.jpg 1024w, https:\/\/dev.gobidgroup.com\/wp-content\/uploads\/2024\/11\/business-entrepreneurship-symposium-speaker-giving-talk-business-meeting-300x200.jpg 300w, https:\/\/dev.gobidgroup.com\/wp-content\/uploads\/2024\/11\/business-entrepreneurship-symposium-speaker-giving-talk-business-meeting-768x512.jpg 768w, https:\/\/dev.gobidgroup.com\/wp-content\/uploads\/2024\/11\/business-entrepreneurship-symposium-speaker-giving-talk-business-meeting-1536x1024.jpg 1536w\" sizes=\"(max-width: 1024px) 100vw, 1024px\" \/><\/figure>\n\n\n\n<figure class=\"wp-block-image size-large\"><img loading=\"lazy\" decoding=\"async\" width=\"1024\" height=\"772\" src=\"https:\/\/dev.gobidgroup.com\/wp-content\/uploads\/2024\/06\/WhatsApp-Image-2024-05-31-at-15.29.28-copia-5-1024x772.jpeg\" alt=\"\" class=\"wp-image-105048\" srcset=\"https:\/\/dev.gobidgroup.com\/wp-content\/uploads\/2024\/06\/WhatsApp-Image-2024-05-31-at-15.29.28-copia-5-1024x772.jpeg 1024w, https:\/\/dev.gobidgroup.com\/wp-content\/uploads\/2024\/06\/WhatsApp-Image-2024-05-31-at-15.29.28-copia-5-300x226.jpeg 300w, https:\/\/dev.gobidgroup.com\/wp-content\/uploads\/2024\/06\/WhatsApp-Image-2024-05-31-at-15.29.28-copia-5-768x579.jpeg 768w, https:\/\/dev.gobidgroup.com\/wp-content\/uploads\/2024\/06\/WhatsApp-Image-2024-05-31-at-15.29.28-copia-5.jpeg 1148w\" sizes=\"(max-width: 1024px) 100vw, 1024px\" \/><\/figure>\n<\/figure>\n<\/div>\n<\/div>\n<\/div><\/div>\n\n\n\n<h2 class=\"wp-block-heading\"><nobr>El \u00f3rgano de control y las acciones de responsabilidad <\/nobr><\/h2>\n\n\n\n<p>La ma\u00f1ana del 15 de noviembre continuar\u00e1 con el estudio en profundidad dedicado al <strong>&#8220;\u00f3rgano de control y el auditor ante una crisis empresarial&#8221;<\/strong>. Roberto Nevoni, abogado de Padua, Marco Pezzetta, contador p\u00fablico de Udine y profesor contratado de finanzas corporativas y control de gesti\u00f3n en la Universidad de Udine, Maurizio Rubinato, socio de EY Italia y Lisa Torresan, tribunal de primera instancia de Venecia, hablar\u00e1n sobre el tema, proporcionando interesantes elementos de reflexi\u00f3n sobre un tema de gran actualidad. La reuni\u00f3n ser\u00e1 moderada por Carmen Pezzuto, Contadora P\u00fablica de Padua. Por la tarde, a las 14.30 horas, se reanudar\u00e1n los trabajos de la jornada con las <strong>&#8220;acciones de responsabilidad, la revocaci\u00f3n y el cargo del juez delegado en la coordinaci\u00f3n de las actividades&#8221;<\/strong>. Lo debatir\u00e1n Alessandro Danovi, profesor asociado de Econom\u00eda y Gesti\u00f3n Empresarial en la Universidad de B\u00e9rgamo y contador p\u00fablico en Mil\u00e1n, Lamberto Lambertini, abogado en Verona, Diego Manente, abogado en Venecia y profesor contratado del Departamento de Gesti\u00f3n de la Universidad C\u00e0 Foscari de Venecia, junto con Paola Rossi, magistrada del Tribunal de Padua. La sesi\u00f3n ser\u00e1 moderada por Andrea Zuliani, magistrado del Tribunal de Udine.<\/p>\n\n\n\n<h2 class=\"wp-block-heading\">El papel del profesional<\/h2>\n\n\n\n<p><strong>&#8220;Persecuci\u00f3n y tribunal en el contexto de la gesti\u00f3n de la empresa concursada: el papel del profesional&#8221;<\/strong>, otro tema de gran atractivo e inter\u00e9s en el contexto de la crisis empresarial, ser\u00e1 el tema central de las dos jornadas. Profundizar\u00e1n en el tema Elbano de Nuccio, presidente del Consejo nacional de contadores p\u00fablicos y expertos contables, Danilo Galletti, catedr\u00e1tico de Derecho mercantil en la Universidad de Trento y abogado en Bolonia, Pier Paolo Lanni, magistrado del Tribunal de Verona y Ciro Santoriello, magistrado del Tribunal de Cuneo. Finalmente, espacio para reflexiones finales y debate con Chiara Marchetto, presidenta de ODCEC Padova.<\/p>\n\n\n\n<p><strong><a href=\"https:\/\/www.gobid.it\/lib\/upload\/newsletter\/2024\/Programma_Convegno_Padovagora_Padova_14_15_novembre_2024.pdf?utm_source=gobid&amp;utm_medium=news&amp;utm_campaign=Group_ConvegnoPadovagor\u00e0\" title=\"\">DESCARGA EL PROGRAMA AQU\u00cd<\/a><\/strong><\/p>\n\n\n\n<div style=\"height:100px\" aria-hidden=\"true\" class=\"wp-block-spacer\"><\/div>\n\n\n\n<p class=\"has-text-align-center has-medium-font-size\"><strong>\u00bfQuieres estar siempre informado sobre temas de real inter\u00e9s para ti?<\/strong><\/p>\n\n\n\n<p class=\"has-text-align-center has-medium-font-size\"><strong>Ay\u00fadanos a enviarte comunicaciones cada vez m\u00e1s personalizadas para tus necesidades. \u00a1Cu\u00e9ntanos tus preferencias!<\/strong><\/p>\n\n\n\n<div class=\"wp-block-buttons is-content-justification-center is-layout-flex wp-container-core-buttons-is-layout-1 wp-block-buttons-is-layout-flex\">\n<div class=\"wp-block-button has-custom-font-size is-style-fill has-medium-font-size\"><a class=\"wp-block-button__link has-background wp-element-button\" href=\"https:\/\/dev.gobidgroup.com\/es\/suscripcion-al-boletin-2\/\" style=\"background-color:#fec426\">Reg\u00edstrate ahora<\/a><\/div>\n<\/div>\n","protected":false},"excerpt":{"rendered":"<p>Grupo Gobid estar\u00e1 presente, como patrocinador principal, los d\u00edas 14 y 15 de noviembre en el Congreso Nacional, un punto de referencia para los profesionales.<\/p>\n","protected":false},"author":13,"featured_media":108675,"comment_status":"open","ping_status":"open","sticky":false,"template":"","format":"standard","meta":{"_seopress_robots_primary_cat":"none","om_disable_all_campaigns":false,"_monsterinsights_skip_tracking":false,"_monsterinsights_sitenote_active":false,"_monsterinsights_sitenote_note":"","_monsterinsights_sitenote_category":0,"_uf_show_specific_survey":0,"_uf_disable_surveys":false,"footnotes":""},"categories":[442,445,436],"tags":[504,474,469],"aioseo_notices":[],"_links":{"self":[{"href":"https:\/\/dev.gobidgroup.com\/es\/wp-json\/wp\/v2\/posts\/108787"}],"collection":[{"href":"https:\/\/dev.gobidgroup.com\/es\/wp-json\/wp\/v2\/posts"}],"about":[{"href":"https:\/\/dev.gobidgroup.com\/es\/wp-json\/wp\/v2\/types\/post"}],"author":[{"embeddable":true,"href":"https:\/\/dev.gobidgroup.com\/es\/wp-json\/wp\/v2\/users\/13"}],"replies":[{"embeddable":true,"href":"https:\/\/dev.gobidgroup.com\/es\/wp-json\/wp\/v2\/comments?post=108787"}],"version-history":[{"count":3,"href":"https:\/\/dev.gobidgroup.com\/es\/wp-json\/wp\/v2\/posts\/108787\/revisions"}],"predecessor-version":[{"id":109339,"href":"https:\/\/dev.gobidgroup.com\/es\/wp-json\/wp\/v2\/posts\/108787\/revisions\/109339"}],"wp:featuredmedia":[{"embeddable":true,"href":"https:\/\/dev.gobidgroup.com\/es\/wp-json\/wp\/v2\/media\/108675"}],"wp:attachment":[{"href":"https:\/\/dev.gobidgroup.com\/es\/wp-json\/wp\/v2\/media?parent=108787"}],"wp:term":[{"taxonomy":"category","embeddable":true,"href":"https:\/\/dev.gobidgroup.com\/es\/wp-json\/wp\/v2\/categories?post=108787"},{"taxonomy":"post_tag","embeddable":true,"href":"https:\/\/dev.gobidgroup.com\/es\/wp-json\/wp\/v2\/tags?post=108787"}],"curies":[{"name":"wp","href":"https:\/\/api.w.org\/{rel}","templated":true}]}}