{"id":108775,"date":"2024-09-19T17:06:04","date_gmt":"2024-09-19T15:06:04","guid":{"rendered":"https:\/\/dev.gobidgroup.com\/?p=108775"},"modified":"2025-02-14T12:04:59","modified_gmt":"2025-02-14T10:04:59","slug":"la-conferencia-cespec-dedicada-al-codigo-de-crisis-regresa-a-la-isla-de-san-servolo","status":"publish","type":"post","link":"https:\/\/dev.gobidgroup.com\/es\/la-conferencia-cespec-dedicada-al-codigo-de-crisis-regresa-a-la-isla-de-san-servolo\/","title":{"rendered":"La conferencia Cespec dedicada al c\u00f3digo de crisis regresa a la isla de San Servolo"},"content":{"rendered":"\n<p>Despu\u00e9s de la pausa estival, el 20 de septiembre se reanuda la temporada de congresos de Gobid Group con el Seminario de los Jueces, organizado<strong> por el Cespec, el Centro de Estudios sobre Procedimientos Ejecutivos y Concursales.<\/strong> El evento tendr\u00e1 lugar en la espl\u00e9ndida <strong>isla de San Servolo<\/strong>, en la <strong>laguna veneciana<\/strong>. Se trata de un <strong>evento formativo de gran relevancia<\/strong>, dirigido a los <strong>Jueces de los Procedimientos Concursales y Ejecuciones Inmobiliarias<\/strong>. Un encuentro prestigioso en el que nuestro equipo tiene el honor de participar desde hace a\u00f1os, consolidando cada vez m\u00e1s su relaci\u00f3n con la entidad organizadora. <\/p>\n\n\n\n<p>Tambi\u00e9n en esta edici\u00f3n del Congreso, como en las anteriores, se incluir\u00e1n <strong>tres secciones<\/strong>: una dedicada a los <strong>Procedimientos Concursales<\/strong>, otra a las <strong>Ejecuciones Inmobiliarias<\/strong> y una a <strong>Penal Econom\u00eda<\/strong>. El <strong>tema central del debate<\/strong> ser\u00e1 la <strong>crisis empresarial y la insolvencia<\/strong>, con la participaci\u00f3n de <strong>figuras destacadas del \u00e1mbito jur\u00eddico y acad\u00e9mico<\/strong>. Una oportunidad \u00fanica de <strong>networking y actualizaci\u00f3n<\/strong> para todos los profesionales sobre <strong>tem\u00e1ticas actuales y en constante evoluci\u00f3n<\/strong>.<\/p>\n\n\n\n<h2 class=\"wp-block-heading\">Los Procedimientos Concursales<\/h2>\n\n\n\n<p>El decimosexto Seminario de los Jueces Delegados, Jueces Penales y Fiscales estar\u00e1 dedicado al<strong> decreto correctivo del C\u00f3digo de la Crisis y de la Insolvencia.<\/strong> La jornada comenzar\u00e1 el <strong>viernes 20 de septiembre con intervenciones centradas en el papel del Juez en la composici\u00f3n negociada<\/strong>, junto con los instrumentos de soluci\u00f3n de la crisis y de la insolvencia, el acuerdo de reestructuraci\u00f3n de deudas y el concordato preventivo. El s\u00e1bado 21 de septiembre estar\u00e1 dedicado a los procedimientos liquidatorios, con un enfoque en el concordato simplificado, la liquidaci\u00f3n judicial y el concordato en la liquidaci\u00f3n judicial. Posteriormente, se desarrollar\u00e1 una sesi\u00f3n sobre el <strong>sobreendeudamiento<\/strong>, con especial atenci\u00f3n al plan del consumidor, el concordato menor y la liquidaci\u00f3n controlada. La quinta sesi\u00f3n de la jornada abordar\u00e1 los desaf\u00edos organizativos para las oficinas judiciales y los nuevos criterios interpretativos, con un an\u00e1lisis comparativo entre nuevos problemas emergentes y buenas pr\u00e1cticas. Finalmente, los flujos de informaci\u00f3n entre los Tribunales y las Fiscal\u00edas, as\u00ed como el contenido de los informes de los auxiliares, ser\u00e1n el tema central de la \u00faltima jornada, el domingo 22 de septiembre.<\/p>\n\n\n\n<p><strong><a href=\"https:\/\/dev.gobidgroup.com\/wp-content\/uploads\/2024\/09\/Locandina_S_Servolo_Procedure_Concorsuali.pdf\" title=\"\">DESCARGAR EL PROGRAMA<\/a><\/strong><\/p>\n\n\n\n<h2 class=\"wp-block-heading\">Econom\u00eda Criminal<\/h2>\n\n\n\n<p>La sesi\u00f3n del congreso dedicada a Penal Econom\u00eda comenzar\u00e1 tambi\u00e9n el viernes 20, abordando como primer tema el papel del Fiscal en la <strong>composici\u00f3n negociada de la crisis empresarial<\/strong>, en el concordato preventivo, en los acuerdos de reestructuraci\u00f3n y en la liquidaci\u00f3n judicial. Durante la segunda jornada, el s\u00e1bado 21, los profesionales y autoridades del \u00e1mbito jur\u00eddico tratar\u00e1n el tema de la responsabilidad de las entidades por il\u00edcitos administrativos derivados de delitos, las t\u00e9cnicas de investigaci\u00f3n, con un enfoque en los m\u00e9todos de redacci\u00f3n de la imputaci\u00f3n y la gesti\u00f3n del juicio oral. La sesi\u00f3n de Penal Econom\u00eda continuar\u00e1 con el an\u00e1lisis de medidas de prevenci\u00f3n patrimonial, la gesti\u00f3n de empresas sometidas a embargo o confiscaci\u00f3n y un estudio sobre problemas pr\u00e1cticos. La jornada concluir\u00e1 con un debate entre j\u00f3venes colegas sobre cuestiones pr\u00e1cticas y te\u00f3ricas en la gesti\u00f3n investigativa y del juicio.<\/p>\n\n\n\n<p><strong><a href=\"https:\/\/dev.gobidgroup.com\/wp-content\/uploads\/2024\/09\/Locandina_S_Servolo_Penale_Economia.pdf\" title=\"\">DESCARGAR EL PROGRAMA<\/a><\/strong><\/p>\n\n\n\n<figure class=\"wp-block-image size-large is-resized\"><img loading=\"lazy\" decoding=\"async\" width=\"1024\" height=\"569\" src=\"https:\/\/dev.gobidgroup.com\/wp-content\/uploads\/2024\/09\/3752627217_bc79e0337d_h-1024x569.jpg\" alt=\"\" class=\"wp-image-106116\" style=\"width:1200px\" srcset=\"https:\/\/dev.gobidgroup.com\/wp-content\/uploads\/2024\/09\/3752627217_bc79e0337d_h-1024x569.jpg 1024w, https:\/\/dev.gobidgroup.com\/wp-content\/uploads\/2024\/09\/3752627217_bc79e0337d_h-300x167.jpg 300w, https:\/\/dev.gobidgroup.com\/wp-content\/uploads\/2024\/09\/3752627217_bc79e0337d_h-768x427.jpg 768w, https:\/\/dev.gobidgroup.com\/wp-content\/uploads\/2024\/09\/3752627217_bc79e0337d_h-1536x854.jpg 1536w, https:\/\/dev.gobidgroup.com\/wp-content\/uploads\/2024\/09\/3752627217_bc79e0337d_h.jpg 1589w\" sizes=\"(max-width: 1024px) 100vw, 1024px\" \/><\/figure>\n\n\n\n<h2 class=\"wp-block-heading\" style=\"font-size:20px\"><\/h2>\n\n\n\n<h2 class=\"wp-block-heading\">Ejecuciones Inmobiliarias<\/h2>\n\n\n\n<p>Tambi\u00e9n el viernes 20, en paralelo al resto de sesiones de la Conferencia, tambi\u00e9n comenzar\u00e1 la sesi\u00f3n dedicada a Ejecuciones Inmobiliarias. Para abrir el debate, la atenci\u00f3n se centrar\u00e1 en la <strong>&#8220;Audiencia conforme al art. 600 c.p.c.&#8221;<\/strong>, en particular sobre los controles necesarios, la separaci\u00f3n en especie y la venta de la acci\u00f3n, mientras que la segunda parte de la jornada se dedicar\u00e1 al juicio de divisi\u00f3n intraejecutiva. En detalle, se analizar\u00e1n los controles y el papel de los auxiliares, la orden de venta, los resultados de la sentencia y la reanudaci\u00f3n del proceso de ejecuci\u00f3n, junto con la atribuci\u00f3n de los bienes, el proyecto divisional y los ajustes. Luego, el s\u00e1bado 21 de septiembre, habr\u00e1 espacio para un an\u00e1lisis en profundidad dedicado al <strong>&#8220;estado del arte sobre los valores bancarios&#8221;<\/strong>, con especial referencia a los valores judiciales y extrajudiciales. La sesi\u00f3n continuar\u00e1 con el foco en la acci\u00f3n coercitiva bancaria, con <strong>detalles sobre las transferencias bancarias<\/strong>, la legitimaci\u00f3n del adquirente, el valor y forma del recibo en el contrato de pr\u00e9stamo, las facultades oficiosas del GE y la carga de la prueba. El d\u00eda concluir\u00e1 con un turno de preguntas sobre las cuestiones cr\u00edticas que surgieron durante el debate. El domingo 22 el seminario abordar\u00e1 temas relacionados con la cobranza y las &#8220;oposiciones&#8221; relacionadas.<\/p>\n\n\n\n<p><strong><a href=\"https:\/\/dev.gobidgroup.com\/wp-content\/uploads\/2024\/09\/Locandina_S_Servolo_Esecuzioni_Immobiliari.pdf\" title=\"\">DESCARGAR EL PROGRAMA<\/a><\/strong><\/p>\n\n\n\n<p><strong>\u00a1Este a\u00f1o tambi\u00e9n, para cualquier informaci\u00f3n adicional sobre nuestros servicios estaremos presentes en nuestro escritorio con muchas novedades!<\/strong><\/p>\n\n\n\n<div style=\"height:100px\" aria-hidden=\"true\" class=\"wp-block-spacer\"><\/div>\n\n\n\n<p class=\"has-text-align-center has-medium-font-size\"><strong>\u00bfQuieres estar siempre informado sobre temas de real inter\u00e9s para ti?<\/strong><\/p>\n\n\n\n<p class=\"has-text-align-center has-medium-font-size\"><strong>Ay\u00fadanos a enviarte comunicaciones cada vez m\u00e1s personalizadas para tus necesidades. \u00a1Cu\u00e9ntanos tus preferencias!<\/strong><\/p>\n\n\n\n<div class=\"wp-block-buttons is-content-justification-center is-layout-flex wp-container-core-buttons-is-layout-1 wp-block-buttons-is-layout-flex\">\n<div class=\"wp-block-button has-custom-font-size is-style-fill has-medium-font-size\"><a class=\"wp-block-button__link has-background wp-element-button\" href=\"https:\/\/dev.gobidgroup.com\/es\/suscripcion-al-boletin\/\" style=\"background-color:#fec426\">Reg\u00edstrate ahora<\/a><\/div>\n<\/div>\n","protected":false},"excerpt":{"rendered":"<p>La temporada de conferencias del Grupo Gobid se reanuda el 20 de septiembre con el Seminario de Jueces organizado por Cespec, dedicado a los Jueces de Procedimientos Concursales y de Ejecuci\u00f3n Inmobiliaria.<\/p>\n","protected":false},"author":13,"featured_media":108779,"comment_status":"open","ping_status":"open","sticky":false,"template":"","format":"standard","meta":{"_seopress_robots_primary_cat":"none","om_disable_all_campaigns":false,"_monsterinsights_skip_tracking":false,"_monsterinsights_sitenote_active":false,"_monsterinsights_sitenote_note":"","_monsterinsights_sitenote_category":0,"_uf_show_specific_survey":0,"_uf_disable_surveys":false,"footnotes":""},"categories":[440,442,445,436],"tags":[474,476,469],"aioseo_notices":[],"_links":{"self":[{"href":"https:\/\/dev.gobidgroup.com\/es\/wp-json\/wp\/v2\/posts\/108775"}],"collection":[{"href":"https:\/\/dev.gobidgroup.com\/es\/wp-json\/wp\/v2\/posts"}],"about":[{"href":"https:\/\/dev.gobidgroup.com\/es\/wp-json\/wp\/v2\/types\/post"}],"author":[{"embeddable":true,"href":"https:\/\/dev.gobidgroup.com\/es\/wp-json\/wp\/v2\/users\/13"}],"replies":[{"embeddable":true,"href":"https:\/\/dev.gobidgroup.com\/es\/wp-json\/wp\/v2\/comments?post=108775"}],"version-history":[{"count":3,"href":"https:\/\/dev.gobidgroup.com\/es\/wp-json\/wp\/v2\/posts\/108775\/revisions"}],"predecessor-version":[{"id":109346,"href":"https:\/\/dev.gobidgroup.com\/es\/wp-json\/wp\/v2\/posts\/108775\/revisions\/109346"}],"wp:featuredmedia":[{"embeddable":true,"href":"https:\/\/dev.gobidgroup.com\/es\/wp-json\/wp\/v2\/media\/108779"}],"wp:attachment":[{"href":"https:\/\/dev.gobidgroup.com\/es\/wp-json\/wp\/v2\/media?parent=108775"}],"wp:term":[{"taxonomy":"category","embeddable":true,"href":"https:\/\/dev.gobidgroup.com\/es\/wp-json\/wp\/v2\/categories?post=108775"},{"taxonomy":"post_tag","embeddable":true,"href":"https:\/\/dev.gobidgroup.com\/es\/wp-json\/wp\/v2\/tags?post=108775"}],"curies":[{"name":"wp","href":"https:\/\/api.w.org\/{rel}","templated":true}]}}