{"id":108764,"date":"2024-09-25T16:08:45","date_gmt":"2024-09-25T14:08:45","guid":{"rendered":"https:\/\/dev.gobidgroup.com\/?p=108764"},"modified":"2025-02-14T12:01:46","modified_gmt":"2025-02-14T10:01:46","slug":"la-crisis-empresarial-en-el-centro-del-seminario-de-capri-promovido-por-el-instituto-curatori","status":"publish","type":"post","link":"https:\/\/dev.gobidgroup.com\/es\/la-crisis-empresarial-en-el-centro-del-seminario-de-capri-promovido-por-el-instituto-curatori\/","title":{"rendered":"La crisis empresarial en el centro del Seminario de Capri promovido por el Instituto Curatori"},"content":{"rendered":"\n<p><strong>Tambi\u00e9n este a\u00f1o regresa el tradicional evento promovido por el Instituto Curatori y dedicado a los profesionales de los Procedimientos Concursales.<\/strong> Ser\u00e1 siempre la espl\u00e9ndida isla de <strong>Capri<\/strong> la que acoger\u00e1 el <strong>Seminario<\/strong> el <strong>viernes 27, s\u00e1bado 28 y domingo 29 de septiembre<\/strong>, tres d\u00edas en los que el centro del debate ser\u00e1 la <strong>crisis empresarial<\/strong>, junto con su contexto <strong>normativo y fiscal<\/strong>. La <strong>colaboraci\u00f3n de Gobid Group<\/strong> en el evento, de <strong>alto valor formativo<\/strong>, consolida una <strong>relaci\u00f3n de larga duraci\u00f3n<\/strong> con la entidad organizadora.<\/p>\n\n\n\n<p>En las salas del <strong>Centro de Congresos &#8211; Palazzo del Cinema de Capri<\/strong>, se alternar\u00e1n <strong>personalidades ilustres<\/strong> de la <strong>Universidad Ca&#8217; Foscari de Venecia<\/strong> y de <strong>M\u00f3dena y Reggio Emilia<\/strong>, de la <strong>Comisi\u00f3n Ministerial<\/strong>, de la <strong>Corte de Casaci\u00f3n<\/strong> y del <strong>Tribunal de Verona<\/strong>, adem\u00e1s de profesionales de <strong>&#8220;PwC TLS&#8221;<\/strong>, uno de los principales estudios de <strong>consultor\u00eda legal y tributaria<\/strong> en Italia.<\/p>\n\n\n\n<p>El <strong>objetivo del Instituto Curatori<\/strong> es la <strong>promoci\u00f3n del debate sobre la reestructuraci\u00f3n empresarial<\/strong> entre normativas que recomiendan el <strong>&#8220;aplazamiento de la detecci\u00f3n de la crisis y normativas que, en cambio, no llegan a entrar en vigor, junto con los nuevos instrumentos&#8221;<\/strong>. Durante el <strong>Seminario<\/strong>, se reflexionar\u00e1 en particular sobre <strong>&#8220;si la introducci\u00f3n de nuevos instrumentos y sujetos es capaz de facilitar, efectivamente, la soluci\u00f3n de la crisis empresarial y, en caso afirmativo, a costa de qui\u00e9n&#8221;<\/strong>.<\/p>\n\n\n\n<h2 class=\"wp-block-heading\">Asegurar la empresa<\/h2>\n\n\n\n<p><strong>La empresa en crisis ser\u00e1 el hilo conductor de la primera jornada del Seminario, el viernes 27 de septiembre.<\/strong> Se iniciar\u00e1 con una <strong>reflexi\u00f3n sobre el an\u00e1lisis econ\u00f3mico, organizativo y estrat\u00e9gico<\/strong> para el <strong>cambio del modelo de empresa en crisis<\/strong>, para luego abordar las <strong>diferentes situaciones fiscales<\/strong> y los <strong>delitos ya cometidos y los que est\u00e1n por cometerse<\/strong>. Habr\u00e1 tambi\u00e9n espacio para temas relacionados con el <strong>arrendamiento y la cesi\u00f3n de la empresa en crisis<\/strong>, as\u00ed como para los <strong>contratos tipo de arrendamiento y cesi\u00f3n de empresa<\/strong>. La sesi\u00f3n concluir\u00e1 con un <strong>enfoque en la reestructuraci\u00f3n financiera<\/strong>.<\/p>\n\n\n\n<p>Sentados en la mesa de ponentes estar\u00e1n el <strong>Presidente del ODCEC de N\u00e1poles, el Dr. Eraldo Turi<\/strong>, y el <strong>Presidente del Colegio de Abogados de N\u00e1poles, el Avv. Carmine Foreste<\/strong>, junto con el <strong>Dr. Riccardo Samiolo, Profesor contratado de la Universidad Ca&#8217; Foscari de Venecia<\/strong>, el <strong>Dr. Giulio Andreani, socio de PwC TLS y responsable de fiscalidad en crisis<\/strong>, el <strong>Dr. Andrea Zuliani, Consejero de la Corte de Casaci\u00f3n<\/strong>, la <strong>Avv. Margherita Gottardo, Notario en Udine<\/strong>, y el <strong>Dr. Daniele De Rossi, Director de FININT Spa<\/strong>.<\/p>\n\n\n\n<div class=\"wp-block-columns is-layout-flex wp-container-core-columns-is-layout-1 wp-block-columns-is-layout-flex\">\n<div class=\"wp-block-column is-layout-flow wp-block-column-is-layout-flow\" style=\"flex-basis:100%\">\n<figure class=\"wp-block-gallery has-nested-images columns-default is-cropped wp-block-gallery-1 is-layout-flex wp-block-gallery-is-layout-flex\">\n<figure class=\"wp-block-image size-large\"><img loading=\"lazy\" decoding=\"async\" width=\"1024\" height=\"455\" src=\"https:\/\/dev.gobidgroup.com\/wp-content\/uploads\/2024\/09\/2XOd2e3f-2-1024x455.jpeg\" alt=\"\" class=\"wp-image-106334\" srcset=\"https:\/\/dev.gobidgroup.com\/wp-content\/uploads\/2024\/09\/2XOd2e3f-2-1024x455.jpeg 1024w, https:\/\/dev.gobidgroup.com\/wp-content\/uploads\/2024\/09\/2XOd2e3f-2-300x133.jpeg 300w, https:\/\/dev.gobidgroup.com\/wp-content\/uploads\/2024\/09\/2XOd2e3f-2-768x341.jpeg 768w, https:\/\/dev.gobidgroup.com\/wp-content\/uploads\/2024\/09\/2XOd2e3f-2-1536x683.jpeg 1536w, https:\/\/dev.gobidgroup.com\/wp-content\/uploads\/2024\/09\/2XOd2e3f-2-2048x911.jpeg 2048w, https:\/\/dev.gobidgroup.com\/wp-content\/uploads\/2024\/09\/2XOd2e3f-2-1320x587.jpeg 1320w\" sizes=\"(max-width: 1024px) 100vw, 1024px\" \/><\/figure>\n\n\n\n<figure class=\"wp-block-image size-large\"><img loading=\"lazy\" decoding=\"async\" width=\"1024\" height=\"574\" src=\"https:\/\/dev.gobidgroup.com\/wp-content\/uploads\/2024\/09\/freepik-export-20240925093517K97r-1024x574.jpeg\" alt=\"\" class=\"wp-image-106322\" srcset=\"https:\/\/dev.gobidgroup.com\/wp-content\/uploads\/2024\/09\/freepik-export-20240925093517K97r-1024x574.jpeg 1024w, https:\/\/dev.gobidgroup.com\/wp-content\/uploads\/2024\/09\/freepik-export-20240925093517K97r-300x168.jpeg 300w, https:\/\/dev.gobidgroup.com\/wp-content\/uploads\/2024\/09\/freepik-export-20240925093517K97r-768x430.jpeg 768w, https:\/\/dev.gobidgroup.com\/wp-content\/uploads\/2024\/09\/freepik-export-20240925093517K97r-1536x861.jpeg 1536w, https:\/\/dev.gobidgroup.com\/wp-content\/uploads\/2024\/09\/freepik-export-20240925093517K97r-2048x1148.jpeg 2048w, https:\/\/dev.gobidgroup.com\/wp-content\/uploads\/2024\/09\/freepik-export-20240925093517K97r-1320x740.jpeg 1320w\" sizes=\"(max-width: 1024px) 100vw, 1024px\" \/><\/figure>\n\n\n\n<figure class=\"wp-block-image size-large\"><img loading=\"lazy\" decoding=\"async\" width=\"1024\" height=\"683\" src=\"https:\/\/dev.gobidgroup.com\/wp-content\/uploads\/2024\/09\/td1Nla7q-1024x683.jpeg\" alt=\"\" class=\"wp-image-106320\" srcset=\"https:\/\/dev.gobidgroup.com\/wp-content\/uploads\/2024\/09\/td1Nla7q-1024x683.jpeg 1024w, https:\/\/dev.gobidgroup.com\/wp-content\/uploads\/2024\/09\/td1Nla7q-300x200.jpeg 300w, https:\/\/dev.gobidgroup.com\/wp-content\/uploads\/2024\/09\/td1Nla7q-768x512.jpeg 768w, https:\/\/dev.gobidgroup.com\/wp-content\/uploads\/2024\/09\/td1Nla7q-1536x1024.jpeg 1536w, https:\/\/dev.gobidgroup.com\/wp-content\/uploads\/2024\/09\/td1Nla7q-1320x880.jpeg 1320w, https:\/\/dev.gobidgroup.com\/wp-content\/uploads\/2024\/09\/td1Nla7q.jpeg 1920w\" sizes=\"(max-width: 1024px) 100vw, 1024px\" \/><\/figure>\n<\/figure>\n<\/div>\n<\/div>\n\n\n\n<h2 class=\"wp-block-heading\">El acuerdo negociado<\/h2>\n\n\n\n<p>Los temas centrales de la segunda jornada del s\u00e1bado 28 de septiembre ser\u00e1<strong>n la transacci\u00f3n fiscal, la Composici\u00f3n Negociada y el Concordato Simplificado.<\/strong> Se prestar\u00e1 especial atenci\u00f3n al <strong>debate sobre el Concordato Preventivo<\/strong>, analizando sus <strong>beneficios y medidas de protecci\u00f3n<\/strong>, junto con sus <strong>implicaciones negativas<\/strong>, con un enfoque en los <strong>cr\u00e9ditos SACE<\/strong>. Intervendr\u00e1n la <strong>Dra. Anna Ghedini<\/strong>, G.D. del <strong>Tribunal de Ferrara<\/strong>, junto con el <strong>Dr. Andreani<\/strong>, el <strong>Dr. Pierpaolo Lanni<\/strong>, G.D. del <strong>Tribunal de Verona<\/strong>, la <strong>Dra. Laura De Simone<\/strong>, Presidenta de Secci\u00f3n del <strong>Tribunal de Mil\u00e1n<\/strong>, y el <strong>Dr. Giovanni Battista Nardecchia<\/strong>, <strong>Fiscal General Adjunto<\/strong> ante la <strong>Corte de Casaci\u00f3n<\/strong>.<\/p>\n\n\n\n<h2 class=\"wp-block-heading\">El acuerdo de reestructuraci\u00f3n<\/h2>\n\n\n\n<p>La \u00faltima jornada del Seminario, el domingo 29 de septiembre, tendr\u00e1 como eje central<strong> una reflexi\u00f3n sobre el acuerdo de reestructuraci\u00f3n de la deuda y sobre los Acuerdos y Contratos (art. 23 co.1 lett. a) y c)).<\/strong> Finalmente, se abordar\u00e1 el tema de la <strong>Liquidaci\u00f3n Judicial<\/strong>, con un an\u00e1lisis de las figuras del <strong>nuevo G.D. y del nuevo Curador<\/strong>. Las <strong>prededucciones<\/strong>, con un enfoque en el <strong>ejercicio de la empresa<\/strong>, ser\u00e1n el tema de cierre de los tres d\u00edas en la <strong>Isla de Capri<\/strong>. Encabezar\u00e1n el debate el <strong>Prof. Dr. Luca Mandrioli<\/strong>, de la <strong>Universidad de M\u00f3dena y Reggio Emilia<\/strong>, la <strong>Prof. Dra. Patrizia Riva<\/strong>, de la <strong>Universidad del Piamonte<\/strong>, junto con el <strong>Dr. Salvatore Leuzzi<\/strong>, Consejero ante la <strong>Corte de Casaci\u00f3n<\/strong>.<\/p>\n\n\n\n<p>Todos los participantes podr\u00e1n profundizar cada reflexi\u00f3n e idea con nuestros <strong>delegados presentes en el desk<\/strong>, siempre dispuestos a brindar apoyo y crecer en sinergia con los profesionales.<\/p>\n\n\n\n<p><strong><a href=\"https:\/\/www.gobid.it\/lib\/upload\/newsletter\/2024\/Programma_Seminario_Capri_Gobid-Group.pdf?utm_source=gobid+group&amp;utm_medium=news&amp;utm_campaign=Group_News_ConvegnoCapri&amp;utm_content=iscrizione+newsletter\" title=\"\">DESCARGAR EL PROGRAMA<\/a><\/strong><\/p>\n\n\n\n<div style=\"height:100px\" aria-hidden=\"true\" class=\"wp-block-spacer\"><\/div>\n\n\n\n<p class=\"has-text-align-center has-medium-font-size\"><strong>\u00bfQuieres estar siempre informado sobre temas de real inter\u00e9s para ti?<\/strong><\/p>\n\n\n\n<p class=\"has-text-align-center has-medium-font-size\"><strong>Ay\u00fadanos a enviarte comunicaciones cada vez m\u00e1s personalizadas para tus necesidades. \u00a1Cu\u00e9ntanos tus preferencias!<\/strong><\/p>\n\n\n\n<div class=\"wp-block-buttons is-content-justification-center is-layout-flex wp-container-core-buttons-is-layout-1 wp-block-buttons-is-layout-flex\">\n<div class=\"wp-block-button has-custom-font-size is-style-fill has-medium-font-size\"><a class=\"wp-block-button__link has-background wp-element-button\" href=\"https:\/\/dev.gobidgroup.com\/es\/suscripcion-al-boletin\/\" style=\"background-color:#fec426\">Reg\u00edstrate ahora<\/a><\/div>\n<\/div>\n","protected":false},"excerpt":{"rendered":"<p>Tambi\u00e9n este a\u00f1o vuelve el tradicional evento impulsado por el Instituto de Curadores y dedicado a los profesionales de los procedimientos concursales.<\/p>\n","protected":false},"author":13,"featured_media":108768,"comment_status":"open","ping_status":"open","sticky":false,"template":"","format":"standard","meta":{"_seopress_robots_primary_cat":"none","om_disable_all_campaigns":false,"_monsterinsights_skip_tracking":false,"_monsterinsights_sitenote_active":false,"_monsterinsights_sitenote_note":"","_monsterinsights_sitenote_category":0,"_uf_show_specific_survey":0,"_uf_disable_surveys":false,"footnotes":""},"categories":[440,442,445,436],"tags":[504,474,469],"aioseo_notices":[],"_links":{"self":[{"href":"https:\/\/dev.gobidgroup.com\/es\/wp-json\/wp\/v2\/posts\/108764"}],"collection":[{"href":"https:\/\/dev.gobidgroup.com\/es\/wp-json\/wp\/v2\/posts"}],"about":[{"href":"https:\/\/dev.gobidgroup.com\/es\/wp-json\/wp\/v2\/types\/post"}],"author":[{"embeddable":true,"href":"https:\/\/dev.gobidgroup.com\/es\/wp-json\/wp\/v2\/users\/13"}],"replies":[{"embeddable":true,"href":"https:\/\/dev.gobidgroup.com\/es\/wp-json\/wp\/v2\/comments?post=108764"}],"version-history":[{"count":3,"href":"https:\/\/dev.gobidgroup.com\/es\/wp-json\/wp\/v2\/posts\/108764\/revisions"}],"predecessor-version":[{"id":109345,"href":"https:\/\/dev.gobidgroup.com\/es\/wp-json\/wp\/v2\/posts\/108764\/revisions\/109345"}],"wp:featuredmedia":[{"embeddable":true,"href":"https:\/\/dev.gobidgroup.com\/es\/wp-json\/wp\/v2\/media\/108768"}],"wp:attachment":[{"href":"https:\/\/dev.gobidgroup.com\/es\/wp-json\/wp\/v2\/media?parent=108764"}],"wp:term":[{"taxonomy":"category","embeddable":true,"href":"https:\/\/dev.gobidgroup.com\/es\/wp-json\/wp\/v2\/categories?post=108764"},{"taxonomy":"post_tag","embeddable":true,"href":"https:\/\/dev.gobidgroup.com\/es\/wp-json\/wp\/v2\/tags?post=108764"}],"curies":[{"name":"wp","href":"https:\/\/api.w.org\/{rel}","templated":true}]}}