{"id":108732,"date":"2024-10-24T16:12:03","date_gmt":"2024-10-24T14:12:03","guid":{"rendered":"https:\/\/dev.gobidgroup.com\/?p=108732"},"modified":"2025-02-14T11:45:27","modified_gmt":"2025-02-14T09:45:27","slug":"la-composicion-negociada-y-las-novedades-del-d-lgs-136-2024-el-congreso-en-ancona","status":"publish","type":"post","link":"https:\/\/dev.gobidgroup.com\/es\/la-composicion-negociada-y-las-novedades-del-d-lgs-136-2024-el-congreso-en-ancona\/","title":{"rendered":"La composici\u00f3n negociada y las novedades del D.Lgs. 136\/2024: el Congreso en Ancona"},"content":{"rendered":"\n<p>Tambi\u00e9n este a\u00f1o, Gobid Group es socio del evento formativo que se llevar\u00e1 a cabo el 25 de octubre en la Facultad de Econom\u00eda &#8220;G. Fu\u00e0&#8221; de Ancona. El Congreso, dirigido a todos los profesionales, est\u00e1 organizado por la <strong>Fundaci\u00f3n Ankon<\/strong> y el <strong>Orden de los Doctores Comercialistas y Expertos Contables de Ancona<\/strong>.<\/p>\n\n\n\n<p>El tema central ser\u00e1 la <strong>composici\u00f3n negociada<\/strong>, las <strong>medidas de protecci\u00f3n<\/strong> y el <strong>concordato simplificado<\/strong>, junto con las pr\u00e1cticas y oportunidades introducidas con el <strong>D. Lgs. 136\/2024<\/strong>. Ser\u00e1 una valiosa oportunidad para reflexionar sobre los nuevos enfoques planteados por la reforma del <strong>C\u00f3digo de la Crisis<\/strong>. Las m\u00e1ximas autoridades del <strong>Tribunal de Ancona<\/strong>, profesionales del <strong>ODCEC<\/strong>, as\u00ed como representantes del <strong>Orden de Abogados y de los Consultores del Trabajo<\/strong>, se reunir\u00e1n para dar vida a un debate sobre uno de los temas de mayor inter\u00e9s en relaci\u00f3n con la nueva normativa.<\/p>\n\n\n\n<p>El evento, que dar\u00e1 inicio a las <strong>14:30<\/strong>, ser\u00e1 presentado por el <strong>Prof. Stefano Staffolani<\/strong>, Decano de la <strong>Facultad de Econom\u00eda de UNIVPM<\/strong>, la <strong>Dra. Edi Ragaglia<\/strong>, Presidenta del <strong>Tribunal de Ancona<\/strong>, el <strong>Dr. Fabrizio Schiavoni<\/strong>, Secretario General de la <strong>CCIAA de las Marcas<\/strong>, y la <strong>Dra. Cristina Marrone<\/strong>, Consejera Nacional del <strong>CNDCEC<\/strong>, delegada de \u00e1rea en <strong>Crisis de Empresa y Procedimientos<\/strong>.<\/p>\n\n\n\n<h2 class=\"wp-block-heading\"><nobr> Del decreto correctivo a la composici\u00f3n negociada <\/nobr><\/h2>\n\n\n\n<p>El <strong>primer enfoque<\/strong> de la tarde formativa ser\u00e1n las <strong>modificaciones introducidas en el CCII con el Decreto Correctivo<\/strong>. Sobre este tema intervendr\u00e1 el <strong>Prof. Avv. Stefano Ambrosini<\/strong>, quien se centrar\u00e1 especialmente en las <strong>novedades<\/strong> introducidas con la reforma, la <strong>ratio<\/strong> de los cambios y los efectos esperados. Un <strong>segundo tema<\/strong> estar\u00e1 dedicado a las <strong>relaciones entre la empresa y los bancos<\/strong>, siempre en el contexto del Decreto Correctivo. Por su parte, el <strong>Avv. Matteo Bascelli<\/strong> abordar\u00e1 el recorrido desde la <strong>&#8220;Obligatio primitiva&#8221;<\/strong> hasta el <strong>CCII<\/strong>, destacando la evoluci\u00f3n de la posici\u00f3n del deudor entre <strong>obligaciones y derechos<\/strong>.<\/p>\n\n\n\n<div class=\"wp-block-columns is-layout-flex wp-container-core-columns-is-layout-1 wp-block-columns-is-layout-flex\">\n<div class=\"wp-block-column is-layout-flow wp-block-column-is-layout-flow\" style=\"flex-basis:100%\">\n<figure class=\"wp-block-image size-large is-resized\"><img loading=\"lazy\" decoding=\"async\" width=\"1024\" height=\"663\" src=\"https:\/\/dev.gobidgroup.com\/wp-content\/uploads\/2024\/10\/Convegno_Ancona_Ottobre2023_11-hd-enhance-2x-faceai-2-1024x663.jpeg\" alt=\"\" class=\"wp-image-106643\" style=\"width:1200px\" srcset=\"https:\/\/dev.gobidgroup.com\/wp-content\/uploads\/2024\/10\/Convegno_Ancona_Ottobre2023_11-hd-enhance-2x-faceai-2-1024x663.jpeg 1024w, https:\/\/dev.gobidgroup.com\/wp-content\/uploads\/2024\/10\/Convegno_Ancona_Ottobre2023_11-hd-enhance-2x-faceai-2-300x194.jpeg 300w, https:\/\/dev.gobidgroup.com\/wp-content\/uploads\/2024\/10\/Convegno_Ancona_Ottobre2023_11-hd-enhance-2x-faceai-2-768x497.jpeg 768w, https:\/\/dev.gobidgroup.com\/wp-content\/uploads\/2024\/10\/Convegno_Ancona_Ottobre2023_11-hd-enhance-2x-faceai-2-1320x855.jpeg 1320w, https:\/\/dev.gobidgroup.com\/wp-content\/uploads\/2024\/10\/Convegno_Ancona_Ottobre2023_11-hd-enhance-2x-faceai-2.jpeg 1362w\" sizes=\"(max-width: 1024px) 100vw, 1024px\" \/><figcaption class=\"wp-element-caption\">Team Gobid Group en el evento del a\u00f1o pasado.<\/figcaption><\/figure>\n<\/div>\n<\/div>\n\n\n\n<h2 class=\"wp-block-heading\">El papel del experto<\/h2>\n\n\n\n<p>El <strong>nombramiento del experto<\/strong> y el <strong>acceso a la composici\u00f3n negociada<\/strong> ser\u00e1n el eje central de la ponencia a cargo del <strong>Dr. Marcello Pollio<\/strong>, con un enfoque en <strong>oportunidades, necesidades y funcionalidades<\/strong> del procedimiento. El profesional abordar\u00e1 en detalle los aspectos relacionados con el <strong>diagn\u00f3stico y la evaluaci\u00f3n de los par\u00e1metros de crisis<\/strong> que requieren la adopci\u00f3n de un instrumento adecuado, as\u00ed como los <strong>plazos y motivaciones<\/strong> que justifican el recurso a la <strong>composici\u00f3n negociada<\/strong>. Otros temas clave incluir\u00e1n la <strong>gesti\u00f3n y conducci\u00f3n de la CNC<\/strong> para alcanzar un <strong>acuerdo con los acreedores<\/strong>, as\u00ed como el <strong>papel de los advisors<\/strong>, desde el <strong>dise\u00f1o del plan<\/strong> hasta la <strong>soluci\u00f3n de la crisis<\/strong>. El <strong>Dr. Pollio<\/strong> concluir\u00e1 su intervenci\u00f3n analizando la <strong>finalizaci\u00f3n de las negociaciones<\/strong> y las <strong>m\u00faltiples soluciones posibles<\/strong>.<\/p>\n\n\n\n<p>El <strong>Dr. Michele Monteleone<\/strong> expondr\u00e1 sobre el <strong>papel del experto<\/strong>, los efectos de su intervenci\u00f3n y sus <strong>responsabilidades<\/strong>. Entre los principales puntos de su ponencia se incluir\u00e1n los <strong>efectos autom\u00e1ticos de la Composici\u00f3n Negociada (CN)<\/strong>, la <strong>exenci\u00f3n de la acci\u00f3n revocatoria<\/strong> de los actos de disposici\u00f3n del empresario y de los pagos (<strong>art. 24 CCII<\/strong>), as\u00ed como la diferencia entre los <strong>actos previos y posteriores al acceso a la CN<\/strong>. Tambi\u00e9n se analizar\u00e1n los efectos de los actos <strong>compartidos y no compartidos<\/strong> con el experto. El <strong>Dr. Monteleone<\/strong> continuar\u00e1 abordando los <strong>actos realizados en caso de disenso expreso del experto<\/strong>, las <strong>autorizaciones del Tribunal seg\u00fan el art. 22<\/strong>, la funcionalidad de los <strong>actos autorizables<\/strong> en relaci\u00f3n con la <strong>continuidad empresarial<\/strong> y la <strong>mejor satisfacci\u00f3n de los acreedores<\/strong>. Para finalizar, profundizar\u00e1 en los <strong>perfiles de responsabilidad del experto<\/strong>, destacando su impacto dentro del proceso de <strong>composici\u00f3n negociada<\/strong>.<\/p>\n\n\n\n<h2 class=\"wp-block-heading\"><nobr> Las medidas de protecci\u00f3n y el concordato simplificado <\/nobr><\/h2>\n\n\n\n<p>Otro aspecto clave del Congreso ser\u00e1 el an\u00e1lisis de las <strong>medidas de protecci\u00f3n y cautelares del patrimonio<\/strong>, a cargo de la <strong>Dra. Giuliana Filippello<\/strong>. La profesional se centrar\u00e1 espec\u00edficamente en la <strong>investigaci\u00f3n del Tribunal<\/strong>, los <strong>requisitos para la solicitud<\/strong> y el <strong>conjunto de informaci\u00f3n necesario<\/strong> para acceder a estas medidas. El <strong>Prof. Daniele Mantucci<\/strong> intervendr\u00e1 para abordar otros aspectos de la <strong>Composici\u00f3n Negociada<\/strong>, prestando especial atenci\u00f3n a la <strong>gesti\u00f3n de las negociaciones en grupos de empresas<\/strong>, a las <strong>empresas por debajo del umbral<\/strong> y a los <strong>l\u00edmites de acceso al procedimiento<\/strong>.<\/p>\n\n\n\n<p>El evento ser\u00e1 clausurado por la <strong>Dra. Maria Letizia Matovani<\/strong>, quien presentar\u00e1 una ponencia titulada <strong>&#8220;El Concordato Simplificado para la liquidaci\u00f3n del patrimonio&#8221;<\/strong>. Entre los temas que se tratar\u00e1n, destacar\u00e1n el <strong>dictamen del Experto y del Auxiliar<\/strong>, la <strong>importancia de la documentaci\u00f3n presentada por el solicitante<\/strong> en respaldo de la solicitud y la <strong>relevancia del papel de los consultores<\/strong> en el proceso.<\/p>\n\n\n\n<p><strong><a href=\"https:\/\/www.gobid.it\/lib\/upload\/Programma-convegno_ODCEC_Ancona_25_ottobre.pdf?utm_source=gobid&amp;utm_medium=news&amp;utm_campaign=Group_ConvegnoAncona\" title=\"\">DESCARGAR EL PROGRAMA<\/a><\/strong><\/p>\n\n\n\n<div style=\"height:100px\" aria-hidden=\"true\" class=\"wp-block-spacer\"><\/div>\n\n\n\n<p class=\"has-text-align-center has-medium-font-size\"><strong><strong>\u00bfQuieres mantenerte siempre informado sobre los temas de tu verdadero inter\u00e9s?<\/strong><\/strong><\/p>\n\n\n\n<p class=\"has-text-align-center has-medium-font-size\"><strong>Ay\u00fadanos a enviarte comunicaciones cada vez m\u00e1s personalizadas seg\u00fan tus necesidades. \u00a1Cu\u00e9ntanos tus preferencias!<\/strong><\/p>\n\n\n\n<div class=\"wp-block-buttons is-content-justification-center is-layout-flex wp-container-core-buttons-is-layout-1 wp-block-buttons-is-layout-flex\">\n<div class=\"wp-block-button has-custom-font-size is-style-fill has-medium-font-size\"><a class=\"wp-block-button__link has-background wp-element-button\" href=\"https:\/\/dev.gobidgroup.com\/es\/suscripcion-al-boletin-2\/\" style=\"background-color:#fec426\">Reg\u00edstrate ahora<\/a><\/div>\n<\/div>\n","protected":false},"excerpt":{"rendered":"<p>Tambi\u00e9n este a\u00f1o el Grupo Gobid es socio del evento de formaci\u00f3n que tendr\u00e1 lugar el 25 de octubre en la Facultad de Econom\u00eda &#8220;G.Fu\u00e0&#8221; de Ancona.<\/p>\n","protected":false},"author":13,"featured_media":108736,"comment_status":"open","ping_status":"open","sticky":false,"template":"","format":"standard","meta":{"_seopress_robots_primary_cat":"none","om_disable_all_campaigns":false,"_monsterinsights_skip_tracking":false,"_monsterinsights_sitenote_active":false,"_monsterinsights_sitenote_note":"","_monsterinsights_sitenote_category":0,"_uf_show_specific_survey":0,"_uf_disable_surveys":false,"footnotes":""},"categories":[442,445,436],"tags":[504,474,469],"aioseo_notices":[],"_links":{"self":[{"href":"https:\/\/dev.gobidgroup.com\/es\/wp-json\/wp\/v2\/posts\/108732"}],"collection":[{"href":"https:\/\/dev.gobidgroup.com\/es\/wp-json\/wp\/v2\/posts"}],"about":[{"href":"https:\/\/dev.gobidgroup.com\/es\/wp-json\/wp\/v2\/types\/post"}],"author":[{"embeddable":true,"href":"https:\/\/dev.gobidgroup.com\/es\/wp-json\/wp\/v2\/users\/13"}],"replies":[{"embeddable":true,"href":"https:\/\/dev.gobidgroup.com\/es\/wp-json\/wp\/v2\/comments?post=108732"}],"version-history":[{"count":8,"href":"https:\/\/dev.gobidgroup.com\/es\/wp-json\/wp\/v2\/posts\/108732\/revisions"}],"predecessor-version":[{"id":109343,"href":"https:\/\/dev.gobidgroup.com\/es\/wp-json\/wp\/v2\/posts\/108732\/revisions\/109343"}],"wp:featuredmedia":[{"embeddable":true,"href":"https:\/\/dev.gobidgroup.com\/es\/wp-json\/wp\/v2\/media\/108736"}],"wp:attachment":[{"href":"https:\/\/dev.gobidgroup.com\/es\/wp-json\/wp\/v2\/media?parent=108732"}],"wp:term":[{"taxonomy":"category","embeddable":true,"href":"https:\/\/dev.gobidgroup.com\/es\/wp-json\/wp\/v2\/categories?post=108732"},{"taxonomy":"post_tag","embeddable":true,"href":"https:\/\/dev.gobidgroup.com\/es\/wp-json\/wp\/v2\/tags?post=108732"}],"curies":[{"name":"wp","href":"https:\/\/api.w.org\/{rel}","templated":true}]}}